{"id":5,"name":"Alb\u00e9ric de Bernis","url":"https:\/\/monTransport.com","description":"Passionn\u00e9 par la mobilit\u00e9 et les nouveaux mod\u00e8les MaaS (Mobility as a Service).","link":"https:\/\/montransport.com\/blog\/author\/admin\/","slug":"admin","meta":[],"yoast_head":"<!-- This site is optimized with the Yoast SEO plugin v26.3 - https:\/\/yoast.com\/wordpress\/plugins\/seo\/ -->\n<title>Alb\u00e9ric - Fondateur &amp; CEO<\/title>\n<meta name=\"description\" content=\"Alb\u00e9ric - Fondateur &amp; CEO\" \/>\n<meta name=\"robots\" content=\"noindex, follow\" \/>\n<meta property=\"og:locale\" content=\"fr_FR\" \/>\n<meta property=\"og:type\" content=\"profile\" \/>\n<meta property=\"og:title\" content=\"Alb\u00e9ric - Fondateur &amp; CEO\" \/>\n<meta property=\"og:description\" content=\"Alb\u00e9ric - Fondateur &amp; CEO\" \/>\n<meta property=\"og:url\" content=\"https:\/\/montransport.com\/blog\/author\/admin\/\" \/>\n<meta property=\"og:site_name\" content=\"monTransport.com - Blog\" \/>\n<meta property=\"og:image\" content=\"https:\/\/secure.gravatar.com\/avatar\/61084e74169b11210158d8aff654926d1abe0da879f57bf75dec00e4549ac033?s=500&d=identicon&r=g\" \/>\n<meta name=\"twitter:card\" content=\"summary_large_image\" \/>\n<meta name=\"twitter:site\" content=\"@montransport\" \/>\n<script type=\"application\/ld+json\" class=\"yoast-schema-graph\">{\"@context\":\"https:\/\/schema.org\",\"@graph\":[{\"@type\":\"ProfilePage\",\"@id\":\"https:\/\/montransport.com\/blog\/author\/admin\/\",\"url\":\"https:\/\/montransport.com\/blog\/author\/admin\/\",\"name\":\"Alb\u00e9ric - Fondateur & CEO\",\"isPartOf\":{\"@id\":\"https:\/\/montransport.com\/blog\/#website\"},\"description\":\"Alb\u00e9ric - Fondateur & CEO\",\"breadcrumb\":{\"@id\":\"https:\/\/montransport.com\/blog\/author\/admin\/#breadcrumb\"},\"inLanguage\":\"fr-FR\",\"potentialAction\":[{\"@type\":\"ReadAction\",\"target\":[\"https:\/\/montransport.com\/blog\/author\/admin\/\"]}]},{\"@type\":\"BreadcrumbList\",\"@id\":\"https:\/\/montransport.com\/blog\/author\/admin\/#breadcrumb\",\"itemListElement\":[{\"@type\":\"ListItem\",\"position\":1,\"name\":\"Home\",\"item\":\"https:\/\/montransport.com\/blog\/\"},{\"@type\":\"ListItem\",\"position\":2,\"name\":\"Archives for Alb\u00e9ric de Bernis\"}]},{\"@type\":\"WebSite\",\"@id\":\"https:\/\/montransport.com\/blog\/#website\",\"url\":\"https:\/\/montransport.com\/blog\/\",\"name\":\"monTransport.com Blog\",\"description\":\"D\u00e9couvrez le comparateur taxi &amp; VTC de monTransport.com : conseils, astuces et actualit\u00e9s pour voyageurs et chauffeurs\",\"publisher\":{\"@id\":\"https:\/\/montransport.com\/blog\/#organization\"},\"potentialAction\":[{\"@type\":\"SearchAction\",\"target\":{\"@type\":\"EntryPoint\",\"urlTemplate\":\"https:\/\/montransport.com\/blog\/?s={search_term_string}\"},\"query-input\":{\"@type\":\"PropertyValueSpecification\",\"valueRequired\":true,\"valueName\":\"search_term_string\"}}],\"inLanguage\":\"fr-FR\"},{\"@type\":\"Organization\",\"@id\":\"https:\/\/montransport.com\/blog\/#organization\",\"name\":\"monTransport.com\",\"url\":\"https:\/\/montransport.com\/blog\/\",\"logo\":{\"@type\":\"ImageObject\",\"inLanguage\":\"fr-FR\",\"@id\":\"https:\/\/montransport.com\/blog\/#\/schema\/logo\/image\/\",\"url\":\"https:\/\/montransport.com\/blog\/wp-content\/uploads\/2020\/11\/logo_bg_darkblue.jpg\",\"contentUrl\":\"https:\/\/montransport.com\/blog\/wp-content\/uploads\/2020\/11\/logo_bg_darkblue.jpg\",\"width\":500,\"height\":500,\"caption\":\"monTransport.com\"},\"image\":{\"@id\":\"https:\/\/montransport.com\/blog\/#\/schema\/logo\/image\/\"},\"sameAs\":[\"https:\/\/www.facebook.com\/pages\/monTransportcom\/146723315342839\",\"https:\/\/x.com\/montransport\",\"https:\/\/www.instagram.com\/montransport.com_officiel\/\",\"https:\/\/www.linkedin.com\/company\/montransport-com\"]},{\"@type\":\"Person\",\"@id\":\"https:\/\/montransport.com\/blog\/#\/schema\/person\/79e0564d115597fc24ecc7ae1d6267c4\",\"name\":\"Alb\u00e9ric de Bernis\",\"description\":\"Passionn\u00e9 par la mobilit\u00e9 et les nouveaux mod\u00e8les MaaS (Mobility as a Service).\",\"sameAs\":[\"https:\/\/monTransport.com\"],\"mainEntityOfPage\":{\"@id\":\"https:\/\/montransport.com\/blog\/author\/admin\/\"}}]}<\/script>\n<!-- \/ Yoast SEO plugin. -->","yoast_head_json":{"title":"Alb\u00e9ric - Fondateur & CEO","description":"Alb\u00e9ric - Fondateur & CEO","robots":{"index":"noindex","follow":"follow"},"og_locale":"fr_FR","og_type":"profile","og_title":"Alb\u00e9ric - Fondateur & CEO","og_description":"Alb\u00e9ric - Fondateur & CEO","og_url":"https:\/\/montransport.com\/blog\/author\/admin\/","og_site_name":"monTransport.com - Blog","og_image":[{"url":"https:\/\/secure.gravatar.com\/avatar\/61084e74169b11210158d8aff654926d1abe0da879f57bf75dec00e4549ac033?s=500&d=identicon&r=g","type":"","width":"","height":""}],"twitter_card":"summary_large_image","twitter_site":"@montransport","schema":{"@context":"https:\/\/schema.org","@graph":[{"@type":"ProfilePage","@id":"https:\/\/montransport.com\/blog\/author\/admin\/","url":"https:\/\/montransport.com\/blog\/author\/admin\/","name":"Alb\u00e9ric - Fondateur & CEO","isPartOf":{"@id":"https:\/\/montransport.com\/blog\/#website"},"description":"Alb\u00e9ric - Fondateur & CEO","breadcrumb":{"@id":"https:\/\/montransport.com\/blog\/author\/admin\/#breadcrumb"},"inLanguage":"fr-FR","potentialAction":[{"@type":"ReadAction","target":["https:\/\/montransport.com\/blog\/author\/admin\/"]}]},{"@type":"BreadcrumbList","@id":"https:\/\/montransport.com\/blog\/author\/admin\/#breadcrumb","itemListElement":[{"@type":"ListItem","position":1,"name":"Home","item":"https:\/\/montransport.com\/blog\/"},{"@type":"ListItem","position":2,"name":"Archives for Alb\u00e9ric de Bernis"}]},{"@type":"WebSite","@id":"https:\/\/montransport.com\/blog\/#website","url":"https:\/\/montransport.com\/blog\/","name":"monTransport.com Blog","description":"D\u00e9couvrez le comparateur taxi &amp; VTC de monTransport.com : conseils, astuces et actualit\u00e9s pour voyageurs et chauffeurs","publisher":{"@id":"https:\/\/montransport.com\/blog\/#organization"},"potentialAction":[{"@type":"SearchAction","target":{"@type":"EntryPoint","urlTemplate":"https:\/\/montransport.com\/blog\/?s={search_term_string}"},"query-input":{"@type":"PropertyValueSpecification","valueRequired":true,"valueName":"search_term_string"}}],"inLanguage":"fr-FR"},{"@type":"Organization","@id":"https:\/\/montransport.com\/blog\/#organization","name":"monTransport.com","url":"https:\/\/montransport.com\/blog\/","logo":{"@type":"ImageObject","inLanguage":"fr-FR","@id":"https:\/\/montransport.com\/blog\/#\/schema\/logo\/image\/","url":"https:\/\/montransport.com\/blog\/wp-content\/uploads\/2020\/11\/logo_bg_darkblue.jpg","contentUrl":"https:\/\/montransport.com\/blog\/wp-content\/uploads\/2020\/11\/logo_bg_darkblue.jpg","width":500,"height":500,"caption":"monTransport.com"},"image":{"@id":"https:\/\/montransport.com\/blog\/#\/schema\/logo\/image\/"},"sameAs":["https:\/\/www.facebook.com\/pages\/monTransportcom\/146723315342839","https:\/\/x.com\/montransport","https:\/\/www.instagram.com\/montransport.com_officiel\/","https:\/\/www.linkedin.com\/company\/montransport-com"]},{"@type":"Person","@id":"https:\/\/montransport.com\/blog\/#\/schema\/person\/79e0564d115597fc24ecc7ae1d6267c4","name":"Alb\u00e9ric de Bernis","description":"Passionn\u00e9 par la mobilit\u00e9 et les nouveaux mod\u00e8les MaaS (Mobility as a Service).","sameAs":["https:\/\/monTransport.com"],"mainEntityOfPage":{"@id":"https:\/\/montransport.com\/blog\/author\/admin\/"}}]}},"elementor_introduction":{"ai-get-started-announcement":true,"e-apps":true,"yoast-introduction-editor-v2":true},"_links":{"self":[{"href":"https:\/\/montransport.com\/blog\/wp-json\/wp\/v2\/users\/5","targetHints":{"allow":["GET"]}}],"collection":[{"href":"https:\/\/montransport.com\/blog\/wp-json\/wp\/v2\/users"}]}}