{"id":480,"date":"2019-10-16T06:18:22","date_gmt":"2019-10-16T04:18:22","guid":{"rendered":"https:\/\/montransport.com\/blog\/?p=480"},"modified":"2025-11-17T13:02:42","modified_gmt":"2025-11-17T12:02:42","slug":"interview-de-limouveze","status":"publish","type":"post","link":"https:\/\/montransport.com\/blog\/interview-de-limouveze\/","title":{"rendered":"LimouveZE partnenaire monTransport.com"},"content":{"rendered":"<p>monTransport.com souhaitant mettre en avant ses meilleurs transporteurs et ceux qui se d\u00e9marquent en utilisant des v\u00e9hicules haut de gamme ou \u00e9colos, nous avons d\u00e9cid\u00e9 aujourd&rsquo;hui de vous pr\u00e9senter la soci\u00e9t\u00e9 de transport LimouveZE qui n&rsquo;utilise que des v\u00e9hicules \u00e9lectriques ou hybrides pour son activit\u00e9 professionnelle. Inscrite dans notre r\u00e9pertoire, elle profite de <a href=\"https:\/\/montransport.com\/blog\/quels-avantages-vous-apporte-montransport-com-en-tant-que-partenaire\/\">nos avantages<\/a>.<\/p>\n<p><span style=\"letter-spacing: 0.05em;\">Nous avons profit\u00e9 de cette occasion pour poser des questions plus \u00ab\u00a0personnelles\u00a0\u00bb afin d&rsquo;en savoir plus sur les motivations de chacun de nos partenaires et \u00e9galement recueillir des informations sur ce partenariat qui nous rassemble.<\/span><\/p>\n<p>monTransport.com souhaite cr\u00e9er un lien qui va au del\u00e0 d&rsquo;une entente commerciale avec ses taxis \/ VTC. Nous pr\u00e9voyons donc de mettre en avant de cette mani\u00e8re plusieurs autres de nos transporteurs.<\/p>\n<h2><strong>Bonjour. Accepteriez-vous de r\u00e9pondre \u00e0 plusieurs de nos questions au sujet de votre activit\u00e9 professionnelle ?<\/strong><\/h2>\n<p><span style=\"letter-spacing: 0.05em;\">Mais avec grand plaisir \ud83d\ude09<\/span><\/p>\n<p><span style=\"letter-spacing: 0.05em;\">Je me permets \u00e9galement de vous transmettre l&rsquo;article paru dans le journal quotidien La Montagne le mercredi 25 septembre 2019. Suite \u00e0 un rendez-vous avec un journaliste local qui souhaitait conna\u00eetre mon activit\u00e9, cet article a \u00e9t\u00e9 publi\u00e9 avec un petit mot sur ma collaboration avec monTransport.com.<\/span><\/p>\n<div><\/div>\n<div><a href=\"https:\/\/montransport.com\/blog\/wp-content\/uploads\/2019\/10\/La-Montagne-mercredi-25-septembre-2019.jpg\" target=\"_blank\" rel=\"noopener noreferrer\"><img fetchpriority=\"high\" decoding=\"async\" class=\"aligncenter wp-image-481\" style=\"border: 5px solid black;\" title=\"article\" src=\"https:\/\/montransport.com\/blog\/wp-content\/uploads\/2019\/10\/La-Montagne-mercredi-25-septembre-2019.jpg\" alt=\"Article\" width=\"1053\" height=\"1259\" srcset=\"https:\/\/montransport.com\/blog\/wp-content\/uploads\/2019\/10\/La-Montagne-mercredi-25-septembre-2019.jpg 1053w, https:\/\/montransport.com\/blog\/wp-content\/uploads\/2019\/10\/La-Montagne-mercredi-25-septembre-2019-250x300.jpg 250w, https:\/\/montransport.com\/blog\/wp-content\/uploads\/2019\/10\/La-Montagne-mercredi-25-septembre-2019-856x1024.jpg 856w, https:\/\/montransport.com\/blog\/wp-content\/uploads\/2019\/10\/La-Montagne-mercredi-25-septembre-2019-560x669.jpg 560w, https:\/\/montransport.com\/blog\/wp-content\/uploads\/2019\/10\/La-Montagne-mercredi-25-septembre-2019-260x310.jpg 260w, https:\/\/montransport.com\/blog\/wp-content\/uploads\/2019\/10\/La-Montagne-mercredi-25-septembre-2019-160x191.jpg 160w\" sizes=\"(max-width: 1053px) 100vw, 1053px\" \/><\/a><\/div>\n<div><\/div>\n<h2><strong>Depuis combien de temps exercez-vous le m\u00e9tier de VTC ?<\/strong><\/h2>\n<p>J&rsquo;ai obtenu ma carte professionnelle en mars 2018. L&rsquo;entreprise de VTC a \u00e9t\u00e9 cr\u00e9\u00e9e en juin 2018 et j&rsquo;ai commenc\u00e9 \u00e0 transporter mes premiers clients en octobre 2018. Avec montransport.com, j&rsquo;ai commenc\u00e9 \u00e0 r\u00e9pondre aux demandes de transport en janvier 2019.<\/p>\n<h2><strong>Qu&rsquo;est-ce qui vous pla\u00eet le plus dans le m\u00e9tier de Taxi \/ VTC<\/strong>\u00a0?<\/h2>\n<p>Rendre service. Situ\u00e9 en zone rurale, la probl\u00e9matique de la mobilit\u00e9 est encore plus criante qu&rsquo;en milieu urbain. Permettre \u00e0 des personnes de rejoindre des amis, un lieu de vacances, de la famille ou <a href=\"https:\/\/montransport.com\/blog\/mariage-le-transport-de-vos-invites\/\">se rendre \u00e0 un mariage<\/a> est compliqu\u00e9 en zone rurale, aussi d&rsquo;apporter une solution \u00e0 ces besoins est un vrai plaisir.<\/p>\n<h2><strong>Pourquoi avez-vous choisi d&rsquo;\u00eatre partenaire avec montransport.com <\/strong>?<\/h2>\n<p>Pour la libert\u00e9. En effet, les demandes sont publi\u00e9es assez t\u00f4t, ce qui me permet de m&rsquo;assurer que je peux bien r\u00e9aliser la prestation et qu&rsquo;elle s&rsquo;int\u00e8gre bien dans mon planning de courses priv\u00e9es. Ce que j&rsquo;appr\u00e9cie aussi avec montransport.com, c&rsquo;est le soutien de l&rsquo;\u00e9quipe qui r\u00e9pond \u00e0 toutes mes demandes dans des d\u00e9lais tr\u00e8s courts. J&rsquo;appr\u00e9cie aussi de trouver le r\u00e8glement de ma prestation rapidement et sans relance. Encore un point important, montransport.com accepte toutes les soci\u00e9t\u00e9s de transport, sans imposer une cat\u00e9gorie de v\u00e9hicule. Ainsi je peux faire d\u00e9couvrir le confort de la conduite \u00e9lectrique \u00e0 une client\u00e8le locale et \u00e9trang\u00e8re.<\/p>\n<p>Vous aussi, vous d\u00e9sirez <a href=\"https:\/\/montransport.com\/transporteur-de-personnes-information-plateforme.html\">devenir partenaire <\/a>?<\/p>\n<p>Vous avez des questions \u00e0 ce propos, utilisez notre bo\u00eete \u00e0 commentaires.<\/p>\n<p>monTransport.com a besoin de partenaires de confiance. Pour cela, nous utilisons les r\u00e9seaux sociaux. Informez-en vos proches.<\/p>\n","protected":false},"excerpt":{"rendered":"<p>monTransport.com souhaitant mettre en avant ses meilleurs transporteurs et ceux qui se d\u00e9marquent en utilisant des v\u00e9hicules haut de gamme ou \u00e9colos, nous avons d\u00e9cid\u00e9 aujourd&rsquo;hui de vous pr\u00e9senter la soci\u00e9t\u00e9 de transport LimouveZE qui n&rsquo;utilise que des v\u00e9hicules \u00e9lectriques ou hybrides pour son activit\u00e9 professionnelle. Inscrite dans notre r\u00e9pertoire, elle profite de nos avantages.<\/p>\n","protected":false},"author":5,"featured_media":613,"comment_status":"open","ping_status":"open","sticky":false,"template":"","format":"standard","meta":{"two_page_speed":[],"footnotes":""},"categories":[7,2],"tags":[47],"class_list":{"0":"post-480","1":"post","2":"type-post","3":"status-publish","4":"format-standard","5":"has-post-thumbnail","7":"category-transporteurs","8":"category-voyageurs","9":"tag-partenaire"},"yoast_head":"<!-- This site is optimized with the Yoast SEO plugin v26.3 - https:\/\/yoast.com\/wordpress\/plugins\/seo\/ -->\n<title>LimouveZE partnenaire monTransport.com<\/title>\n<meta name=\"description\" content=\"monTransport.com souhaitant mettre en avant ses meilleurs transporteurs et ceux qui se d\u00e9marquent en utilisant des v\u00e9hicules haut de gamme ou \u00e9colos, nous\" \/>\n<meta name=\"robots\" content=\"index, follow, max-snippet:-1, max-image-preview:large, max-video-preview:-1\" \/>\n<link rel=\"canonical\" href=\"https:\/\/montransport.com\/blog\/interview-de-limouveze\/\" \/>\n<meta property=\"og:locale\" content=\"fr_FR\" \/>\n<meta property=\"og:type\" content=\"article\" \/>\n<meta property=\"og:title\" content=\"LimouveZE partnenaire monTransport.com\" \/>\n<meta property=\"og:description\" content=\"monTransport.com souhaitant mettre en avant ses meilleurs transporteurs et ceux qui se d\u00e9marquent en utilisant des v\u00e9hicules haut de gamme ou \u00e9colos, nous\" \/>\n<meta property=\"og:url\" content=\"https:\/\/montransport.com\/blog\/interview-de-limouveze\/\" \/>\n<meta property=\"og:site_name\" content=\"monTransport.com - Blog\" \/>\n<meta property=\"article:publisher\" content=\"https:\/\/www.facebook.com\/pages\/monTransportcom\/146723315342839\" \/>\n<meta property=\"article:published_time\" content=\"2019-10-16T04:18:22+00:00\" \/>\n<meta property=\"article:modified_time\" content=\"2025-11-17T12:02:42+00:00\" \/>\n<meta property=\"og:image\" content=\"https:\/\/montransport.com\/blog\/wp-content\/uploads\/2019\/10\/shaking-hands-2499629_1280.jpg\" \/>\n\t<meta property=\"og:image:width\" content=\"1280\" \/>\n\t<meta property=\"og:image:height\" content=\"672\" \/>\n\t<meta property=\"og:image:type\" content=\"image\/jpeg\" \/>\n<meta name=\"author\" content=\"Alb\u00e9ric de Bernis\" \/>\n<meta name=\"twitter:card\" content=\"summary_large_image\" \/>\n<meta name=\"twitter:creator\" content=\"@montransport\" \/>\n<meta name=\"twitter:site\" content=\"@montransport\" \/>\n<meta name=\"twitter:label1\" content=\"\u00c9crit par\" \/>\n\t<meta name=\"twitter:data1\" content=\"Alb\u00e9ric de Bernis\" \/>\n\t<meta name=\"twitter:label2\" content=\"Dur\u00e9e de lecture estim\u00e9e\" \/>\n\t<meta name=\"twitter:data2\" content=\"3 minutes\" \/>\n<script type=\"application\/ld+json\" class=\"yoast-schema-graph\">{\"@context\":\"https:\/\/schema.org\",\"@graph\":[{\"@type\":\"Article\",\"@id\":\"https:\/\/montransport.com\/blog\/interview-de-limouveze\/#article\",\"isPartOf\":{\"@id\":\"https:\/\/montransport.com\/blog\/interview-de-limouveze\/\"},\"author\":{\"name\":\"Alb\u00e9ric de Bernis\",\"@id\":\"https:\/\/montransport.com\/blog\/#\/schema\/person\/79e0564d115597fc24ecc7ae1d6267c4\"},\"headline\":\"LimouveZE partnenaire monTransport.com\",\"datePublished\":\"2019-10-16T04:18:22+00:00\",\"dateModified\":\"2025-11-17T12:02:42+00:00\",\"mainEntityOfPage\":{\"@id\":\"https:\/\/montransport.com\/blog\/interview-de-limouveze\/\"},\"wordCount\":504,\"commentCount\":0,\"publisher\":{\"@id\":\"https:\/\/montransport.com\/blog\/#organization\"},\"image\":{\"@id\":\"https:\/\/montransport.com\/blog\/interview-de-limouveze\/#primaryimage\"},\"thumbnailUrl\":\"https:\/\/montransport.com\/blog\/wp-content\/uploads\/2019\/10\/shaking-hands-2499629_1280.jpg\",\"keywords\":[\"partenaire\"],\"articleSection\":[\"\ud83d\udce6 Transporteurs \/ Chauffeurs\",\"\ud83e\uddf3 Voyageurs \/ Conseils de voyage\"],\"inLanguage\":\"fr-FR\",\"potentialAction\":[{\"@type\":\"CommentAction\",\"name\":\"Comment\",\"target\":[\"https:\/\/montransport.com\/blog\/interview-de-limouveze\/#respond\"]}]},{\"@type\":\"WebPage\",\"@id\":\"https:\/\/montransport.com\/blog\/interview-de-limouveze\/\",\"url\":\"https:\/\/montransport.com\/blog\/interview-de-limouveze\/\",\"name\":\"LimouveZE partnenaire monTransport.com\",\"isPartOf\":{\"@id\":\"https:\/\/montransport.com\/blog\/#website\"},\"primaryImageOfPage\":{\"@id\":\"https:\/\/montransport.com\/blog\/interview-de-limouveze\/#primaryimage\"},\"image\":{\"@id\":\"https:\/\/montransport.com\/blog\/interview-de-limouveze\/#primaryimage\"},\"thumbnailUrl\":\"https:\/\/montransport.com\/blog\/wp-content\/uploads\/2019\/10\/shaking-hands-2499629_1280.jpg\",\"datePublished\":\"2019-10-16T04:18:22+00:00\",\"dateModified\":\"2025-11-17T12:02:42+00:00\",\"description\":\"monTransport.com souhaitant mettre en avant ses meilleurs transporteurs et ceux qui se d\u00e9marquent en utilisant des v\u00e9hicules haut de gamme ou \u00e9colos, nous\",\"breadcrumb\":{\"@id\":\"https:\/\/montransport.com\/blog\/interview-de-limouveze\/#breadcrumb\"},\"inLanguage\":\"fr-FR\",\"potentialAction\":[{\"@type\":\"ReadAction\",\"target\":[\"https:\/\/montransport.com\/blog\/interview-de-limouveze\/\"]}]},{\"@type\":\"ImageObject\",\"inLanguage\":\"fr-FR\",\"@id\":\"https:\/\/montransport.com\/blog\/interview-de-limouveze\/#primaryimage\",\"url\":\"https:\/\/montransport.com\/blog\/wp-content\/uploads\/2019\/10\/shaking-hands-2499629_1280.jpg\",\"contentUrl\":\"https:\/\/montransport.com\/blog\/wp-content\/uploads\/2019\/10\/shaking-hands-2499629_1280.jpg\",\"width\":1280,\"height\":672,\"caption\":\"partenaire\"},{\"@type\":\"BreadcrumbList\",\"@id\":\"https:\/\/montransport.com\/blog\/interview-de-limouveze\/#breadcrumb\",\"itemListElement\":[{\"@type\":\"ListItem\",\"position\":1,\"name\":\"Home\",\"item\":\"https:\/\/montransport.com\/blog\/\"},{\"@type\":\"ListItem\",\"position\":2,\"name\":\"LimouveZE partnenaire monTransport.com\"}]},{\"@type\":\"WebSite\",\"@id\":\"https:\/\/montransport.com\/blog\/#website\",\"url\":\"https:\/\/montransport.com\/blog\/\",\"name\":\"monTransport.com Blog\",\"description\":\"D\u00e9couvrez le comparateur taxi &amp; VTC de monTransport.com : conseils, astuces et actualit\u00e9s pour voyageurs et chauffeurs\",\"publisher\":{\"@id\":\"https:\/\/montransport.com\/blog\/#organization\"},\"potentialAction\":[{\"@type\":\"SearchAction\",\"target\":{\"@type\":\"EntryPoint\",\"urlTemplate\":\"https:\/\/montransport.com\/blog\/?s={search_term_string}\"},\"query-input\":{\"@type\":\"PropertyValueSpecification\",\"valueRequired\":true,\"valueName\":\"search_term_string\"}}],\"inLanguage\":\"fr-FR\"},{\"@type\":\"Organization\",\"@id\":\"https:\/\/montransport.com\/blog\/#organization\",\"name\":\"monTransport.com\",\"url\":\"https:\/\/montransport.com\/blog\/\",\"logo\":{\"@type\":\"ImageObject\",\"inLanguage\":\"fr-FR\",\"@id\":\"https:\/\/montransport.com\/blog\/#\/schema\/logo\/image\/\",\"url\":\"https:\/\/montransport.com\/blog\/wp-content\/uploads\/2020\/11\/logo_bg_darkblue.jpg\",\"contentUrl\":\"https:\/\/montransport.com\/blog\/wp-content\/uploads\/2020\/11\/logo_bg_darkblue.jpg\",\"width\":500,\"height\":500,\"caption\":\"monTransport.com\"},\"image\":{\"@id\":\"https:\/\/montransport.com\/blog\/#\/schema\/logo\/image\/\"},\"sameAs\":[\"https:\/\/www.facebook.com\/pages\/monTransportcom\/146723315342839\",\"https:\/\/x.com\/montransport\",\"https:\/\/www.instagram.com\/montransport.com_officiel\/\",\"https:\/\/www.linkedin.com\/company\/montransport-com\"]},{\"@type\":\"Person\",\"@id\":\"https:\/\/montransport.com\/blog\/#\/schema\/person\/79e0564d115597fc24ecc7ae1d6267c4\",\"name\":\"Alb\u00e9ric de Bernis\",\"description\":\"Passionn\u00e9 par la mobilit\u00e9 et les nouveaux mod\u00e8les MaaS (Mobility as a Service).\",\"sameAs\":[\"https:\/\/monTransport.com\"],\"url\":\"https:\/\/montransport.com\/blog\/author\/admin\/\"}]}<\/script>\n<!-- \/ Yoast SEO plugin. -->","yoast_head_json":{"title":"LimouveZE partnenaire monTransport.com","description":"monTransport.com souhaitant mettre en avant ses meilleurs transporteurs et ceux qui se d\u00e9marquent en utilisant des v\u00e9hicules haut de gamme ou \u00e9colos, nous","robots":{"index":"index","follow":"follow","max-snippet":"max-snippet:-1","max-image-preview":"max-image-preview:large","max-video-preview":"max-video-preview:-1"},"canonical":"https:\/\/montransport.com\/blog\/interview-de-limouveze\/","og_locale":"fr_FR","og_type":"article","og_title":"LimouveZE partnenaire monTransport.com","og_description":"monTransport.com souhaitant mettre en avant ses meilleurs transporteurs et ceux qui se d\u00e9marquent en utilisant des v\u00e9hicules haut de gamme ou \u00e9colos, nous","og_url":"https:\/\/montransport.com\/blog\/interview-de-limouveze\/","og_site_name":"monTransport.com - Blog","article_publisher":"https:\/\/www.facebook.com\/pages\/monTransportcom\/146723315342839","article_published_time":"2019-10-16T04:18:22+00:00","article_modified_time":"2025-11-17T12:02:42+00:00","og_image":[{"width":1280,"height":672,"url":"https:\/\/montransport.com\/blog\/wp-content\/uploads\/2019\/10\/shaking-hands-2499629_1280.jpg","type":"image\/jpeg"}],"author":"Alb\u00e9ric de Bernis","twitter_card":"summary_large_image","twitter_creator":"@montransport","twitter_site":"@montransport","twitter_misc":{"\u00c9crit par":"Alb\u00e9ric de Bernis","Dur\u00e9e de lecture estim\u00e9e":"3 minutes"},"schema":{"@context":"https:\/\/schema.org","@graph":[{"@type":"Article","@id":"https:\/\/montransport.com\/blog\/interview-de-limouveze\/#article","isPartOf":{"@id":"https:\/\/montransport.com\/blog\/interview-de-limouveze\/"},"author":{"name":"Alb\u00e9ric de Bernis","@id":"https:\/\/montransport.com\/blog\/#\/schema\/person\/79e0564d115597fc24ecc7ae1d6267c4"},"headline":"LimouveZE partnenaire monTransport.com","datePublished":"2019-10-16T04:18:22+00:00","dateModified":"2025-11-17T12:02:42+00:00","mainEntityOfPage":{"@id":"https:\/\/montransport.com\/blog\/interview-de-limouveze\/"},"wordCount":504,"commentCount":0,"publisher":{"@id":"https:\/\/montransport.com\/blog\/#organization"},"image":{"@id":"https:\/\/montransport.com\/blog\/interview-de-limouveze\/#primaryimage"},"thumbnailUrl":"https:\/\/montransport.com\/blog\/wp-content\/uploads\/2019\/10\/shaking-hands-2499629_1280.jpg","keywords":["partenaire"],"articleSection":["\ud83d\udce6 Transporteurs \/ Chauffeurs","\ud83e\uddf3 Voyageurs \/ Conseils de voyage"],"inLanguage":"fr-FR","potentialAction":[{"@type":"CommentAction","name":"Comment","target":["https:\/\/montransport.com\/blog\/interview-de-limouveze\/#respond"]}]},{"@type":"WebPage","@id":"https:\/\/montransport.com\/blog\/interview-de-limouveze\/","url":"https:\/\/montransport.com\/blog\/interview-de-limouveze\/","name":"LimouveZE partnenaire monTransport.com","isPartOf":{"@id":"https:\/\/montransport.com\/blog\/#website"},"primaryImageOfPage":{"@id":"https:\/\/montransport.com\/blog\/interview-de-limouveze\/#primaryimage"},"image":{"@id":"https:\/\/montransport.com\/blog\/interview-de-limouveze\/#primaryimage"},"thumbnailUrl":"https:\/\/montransport.com\/blog\/wp-content\/uploads\/2019\/10\/shaking-hands-2499629_1280.jpg","datePublished":"2019-10-16T04:18:22+00:00","dateModified":"2025-11-17T12:02:42+00:00","description":"monTransport.com souhaitant mettre en avant ses meilleurs transporteurs et ceux qui se d\u00e9marquent en utilisant des v\u00e9hicules haut de gamme ou \u00e9colos, nous","breadcrumb":{"@id":"https:\/\/montransport.com\/blog\/interview-de-limouveze\/#breadcrumb"},"inLanguage":"fr-FR","potentialAction":[{"@type":"ReadAction","target":["https:\/\/montransport.com\/blog\/interview-de-limouveze\/"]}]},{"@type":"ImageObject","inLanguage":"fr-FR","@id":"https:\/\/montransport.com\/blog\/interview-de-limouveze\/#primaryimage","url":"https:\/\/montransport.com\/blog\/wp-content\/uploads\/2019\/10\/shaking-hands-2499629_1280.jpg","contentUrl":"https:\/\/montransport.com\/blog\/wp-content\/uploads\/2019\/10\/shaking-hands-2499629_1280.jpg","width":1280,"height":672,"caption":"partenaire"},{"@type":"BreadcrumbList","@id":"https:\/\/montransport.com\/blog\/interview-de-limouveze\/#breadcrumb","itemListElement":[{"@type":"ListItem","position":1,"name":"Home","item":"https:\/\/montransport.com\/blog\/"},{"@type":"ListItem","position":2,"name":"LimouveZE partnenaire monTransport.com"}]},{"@type":"WebSite","@id":"https:\/\/montransport.com\/blog\/#website","url":"https:\/\/montransport.com\/blog\/","name":"monTransport.com Blog","description":"D\u00e9couvrez le comparateur taxi &amp; VTC de monTransport.com : conseils, astuces et actualit\u00e9s pour voyageurs et chauffeurs","publisher":{"@id":"https:\/\/montransport.com\/blog\/#organization"},"potentialAction":[{"@type":"SearchAction","target":{"@type":"EntryPoint","urlTemplate":"https:\/\/montransport.com\/blog\/?s={search_term_string}"},"query-input":{"@type":"PropertyValueSpecification","valueRequired":true,"valueName":"search_term_string"}}],"inLanguage":"fr-FR"},{"@type":"Organization","@id":"https:\/\/montransport.com\/blog\/#organization","name":"monTransport.com","url":"https:\/\/montransport.com\/blog\/","logo":{"@type":"ImageObject","inLanguage":"fr-FR","@id":"https:\/\/montransport.com\/blog\/#\/schema\/logo\/image\/","url":"https:\/\/montransport.com\/blog\/wp-content\/uploads\/2020\/11\/logo_bg_darkblue.jpg","contentUrl":"https:\/\/montransport.com\/blog\/wp-content\/uploads\/2020\/11\/logo_bg_darkblue.jpg","width":500,"height":500,"caption":"monTransport.com"},"image":{"@id":"https:\/\/montransport.com\/blog\/#\/schema\/logo\/image\/"},"sameAs":["https:\/\/www.facebook.com\/pages\/monTransportcom\/146723315342839","https:\/\/x.com\/montransport","https:\/\/www.instagram.com\/montransport.com_officiel\/","https:\/\/www.linkedin.com\/company\/montransport-com"]},{"@type":"Person","@id":"https:\/\/montransport.com\/blog\/#\/schema\/person\/79e0564d115597fc24ecc7ae1d6267c4","name":"Alb\u00e9ric de Bernis","description":"Passionn\u00e9 par la mobilit\u00e9 et les nouveaux mod\u00e8les MaaS (Mobility as a Service).","sameAs":["https:\/\/monTransport.com"],"url":"https:\/\/montransport.com\/blog\/author\/admin\/"}]}},"_links":{"self":[{"href":"https:\/\/montransport.com\/blog\/wp-json\/wp\/v2\/posts\/480","targetHints":{"allow":["GET"]}}],"collection":[{"href":"https:\/\/montransport.com\/blog\/wp-json\/wp\/v2\/posts"}],"about":[{"href":"https:\/\/montransport.com\/blog\/wp-json\/wp\/v2\/types\/post"}],"author":[{"embeddable":true,"href":"https:\/\/montransport.com\/blog\/wp-json\/wp\/v2\/users\/5"}],"replies":[{"embeddable":true,"href":"https:\/\/montransport.com\/blog\/wp-json\/wp\/v2\/comments?post=480"}],"version-history":[{"count":16,"href":"https:\/\/montransport.com\/blog\/wp-json\/wp\/v2\/posts\/480\/revisions"}],"predecessor-version":[{"id":786,"href":"https:\/\/montransport.com\/blog\/wp-json\/wp\/v2\/posts\/480\/revisions\/786"}],"wp:featuredmedia":[{"embeddable":true,"href":"https:\/\/montransport.com\/blog\/wp-json\/wp\/v2\/media\/613"}],"wp:attachment":[{"href":"https:\/\/montransport.com\/blog\/wp-json\/wp\/v2\/media?parent=480"}],"wp:term":[{"taxonomy":"category","embeddable":true,"href":"https:\/\/montransport.com\/blog\/wp-json\/wp\/v2\/categories?post=480"},{"taxonomy":"post_tag","embeddable":true,"href":"https:\/\/montransport.com\/blog\/wp-json\/wp\/v2\/tags?post=480"}],"curies":[{"name":"wp","href":"https:\/\/api.w.org\/{rel}","templated":true}]}}