{"id":475,"date":"2019-08-31T11:40:51","date_gmt":"2019-08-31T09:40:51","guid":{"rendered":"https:\/\/montransport.com\/blog\/?p=475"},"modified":"2025-11-17T13:03:08","modified_gmt":"2025-11-17T12:03:08","slug":"taxi-prix-fixe","status":"publish","type":"post","link":"https:\/\/montransport.com\/blog\/taxi-prix-fixe\/","title":{"rendered":"Je suis taxi et je fixe mes tarifs \u00e0 l&rsquo;avance !"},"content":{"rendered":"<p style=\"text-align: left;\">Taxi &amp; prix fix\u00e9 \u00e0 l&rsquo;avance: est-ce possible?<\/p>\n<p><span style=\"letter-spacing: 0.05em;\">Les prix des taxis sont fix\u00e9s chaque ann\u00e9e par les arr\u00eat\u00e9s pr\u00e9fectoraux. Le prix d&rsquo;un taxi au compteur varie suivant les variables suivantes:\u00a0l&rsquo;heure (jour\/nuit), la distance, le temps de course, le temps d&rsquo;arr\u00eat\u00a0et la zone de d\u00e9placement.<\/span><\/p>\n<p>Cette tarification au compteur a le m\u00e9rite d&rsquo;\u00eatre pr\u00e9cise pour le chauffeur de taxi, cependant l&rsquo;usager ne sais jamais vraiment \u00e0 l&rsquo;avance combien la course va co\u00fbter. Le prix peut varier selon les embouteillages, la nuit , les jours f\u00e9ri\u00e9s etc. C&rsquo;est un crit\u00e8re angoissant pour l&rsquo;usager, cela peut le d\u00e9courager \u00e0 r\u00e9server un taxi.<\/p>\n<p>Pour cibl\u00e9s ces usagers souhaitant conna\u00eetre le prix d&rsquo;une course \u00e0 l&rsquo;avance: <strong><span style=\"text-decoration: underline;\">les taxis ont le droit de proposer des tarifs fixes<\/span>.<br \/>\n<\/strong>On vous explique tout ci-dessous \ud83d\ude42<\/p>\n<h2>Taxi: tarif au compteur horokilom\u00e9trique<a href=\"https:\/\/www.google.com\/url?sa=i&amp;url=https%3A%2F%2Fwww.mg-taxi.com%2Ftaxi-compteur%2F&amp;psig=AOvVaw3RP092nQN0XapEsqKlAiYq&amp;ust=1586722853334000&amp;source=images&amp;cd=vfe&amp;ved=0CAIQjRxqFwoTCPDJ17KZ4egCFQAAAAAdAAAAABAD\"><br \/>\n<\/a><\/h2>\n<p>Le<a href=\"https:\/\/montransport.com\/blog\/les-charges-composant-prix-transport\/\"> prix du taxi<\/a> au compteur factur\u00e9 \u00e0 la fin d&rsquo;une course inclut 4 param\u00e8tres:<br \/>\n&#8211;\u00a0\u00a0\u00a0\u00a0\u00a0\u00a0\u00a0 La prise en charge: montant fixe.<br \/>\n&#8211;\u00a0\u00a0\u00a0\u00a0\u00a0\u00a0\u00a0 Le tarif kilom\u00e9trique: d\u00e9pend du d\u00e9partements, non applicable lorsque le v\u00e9hicule est \u00e0 l&rsquo;arr\u00eat ou \u00e0 faible vitesse.<br \/>\n&#8211;\u00a0\u00a0\u00a0\u00a0\u00a0\u00a0\u00a0 Le tarif horaire: utilis\u00e9 en cas de bouchons quand le taxi est \u00e0 l&rsquo;arr\u00eat ou \u00e0 faible vitesse.<br \/>\n&#8211;\u00a0\u00a0\u00a0\u00a0\u00a0\u00a0\u00a0 Les suppl\u00e9ments: appliqu\u00e9s suivant le nombre de passagers, les bagages, les animaux, le lieu de prise en charge comme une gare ou un a\u00e9roport.<\/p>\n<p>Les tarifs de ces 4 param\u00e8tres ne sont pas identiques dans toute la France, ils varient au contraire d&rsquo;un d\u00e9partement \u00e0 l&rsquo;autre puisqu&rsquo;ils sont fix\u00e9s par arr\u00eat\u00e9 pr\u00e9fectoral. A titre d&rsquo;exemple, la prise en charge dans le d\u00e9partement du Var est fix\u00e9e \u00e0 3,40\u20ac, tandis qu&rsquo;elle n&rsquo;est que de 1,68\u20ac en Ard\u00e8che. Le prix maximum horaire pour une p\u00e9riode d&rsquo;attente ou d&#8217;embouteillage est de 35,43\u20ac.<\/p>\n<p>Tous ces tarifs sont des prix MAXIMUM. Le taxi n&rsquo;a pas le droit de pratiquer des prix plus \u00e9lev\u00e9s.\u00a0En revanche, il a le droit de pratiquer des prix plus bas, et surtout de proposer des forfaits, donc des prix fixes, \u00e0 ses clients.<\/p>\n<p>D&rsquo;ailleurs, la loi a \u00e9volu\u00e9 en ce sens puisqu&rsquo;\u00e0 Paris, des prix fixes forfaitaires maximum sont appliqu\u00e9s pour les trajets vers les a\u00e9roports. Ainsi, depuis l&rsquo;a\u00e9roport Charles de Gaulle, le taxi n&rsquo;a pas le droit de demander plus de 55\u20ac pour emmener le client \u00e0 Paris rive gauche.<\/p>\n<p>Le d\u00e9cret n\u00b0 2015-1252 du 7 octobre 2015 fixant les tarifs des courses de taxi est disponible ici\u00a0:<a title=\"https:\/\/www.legifrance.gouv.fr\/affichTexte.do?cidTexte=JORFTEXT000031285847\" href=\"https:\/\/www.legifrance.gouv.fr\/affichTexte.do?cidTexte=JORFTEXT000031285847\" target=\"_blank\" rel=\"noopener noreferrer\">https:\/\/www.legifrance.gouv.fr\/affichTexte.do?cidTexte=JORFTEXT000031285847<\/a><\/p>\n<p>Les tarifs 2017 des taxis sont d\u00e9taill\u00e9s dans l&rsquo;arr\u00eat\u00e9 du 22 d\u00e9cembre 2016 consultable ici\u00a0:<a title=\"https:\/\/www.legifrance.gouv.fr\/affichTexte.do?cidTexte=JORFTEXT000033719124\" href=\"https:\/\/www.legifrance.gouv.fr\/affichTexte.do?cidTexte=JORFTEXT000033719124\" target=\"_blank\" rel=\"noopener noreferrer\">https:\/\/www.legifrance.gouv.fr\/affichTexte.do?cidTexte=JORFTEXT000033719124<\/a><\/p>\n<h2>Taxi: le forfait, la solution pour rassurer les clients<\/h2>\n<p>Aujourd&rsquo;hui, la transparence est de mise dans tous les domaines. Les clients acceptent difficilement de monter dans un taxi en signant un \u00ab\u00a0ch\u00e8que en blanc\u00a0\u00bb au chauffeur, d&rsquo;autant que les VTC ont donn\u00e9 de nouvelles habitudes de consommation aux utilisateurs.<\/p>\n<p>Les taxis se doivent donc d\u00e9sormais de r\u00e9agir en mettant en valeur leurs atouts, en particulier leur disponibilit\u00e9 en maraude, mais aussi en proposant des courses \u00e0 un prix forfaitaire et concurrentiel suivant les p\u00e9riodes. Certain taxis profitent des p\u00e9riodes creuses ou des trajets \u00e0 vide pour proposer un prix fix\u00e9 \u00e0 l&rsquo;avance en dessous du prix maximum fix\u00e9 par la loi\u00a0?<\/p>\n<p>Un tarif forfaitaire attractif est susceptible de fid\u00e9liser une nouvelle client\u00e8le. Les taxis ont de belles perspectives d&rsquo;\u00e9volution en s&rsquo;adaptant aux demandes de leurs clients.<\/p>\n<p><strong>Et vous quel type de prix pratiquez-vous?<\/strong><\/p>\n<p><a href=\"https:\/\/montransport.com\/\">Devenir partenaire<\/a> de monTransport.com peut avoir de nombreux avantages pour les chauffeurs de taxi, renseignez-vous.<\/p>\n<p>Informez vos proches gr\u00e2ce aux r\u00e9seaux sociaux.<\/p>\n","protected":false},"excerpt":{"rendered":"<p>Taxi &amp; prix fix\u00e9 \u00e0 l&rsquo;avance: est-ce possible? Les prix des taxis sont fix\u00e9s chaque ann\u00e9e par les arr\u00eat\u00e9s pr\u00e9fectoraux. Le prix d&rsquo;un taxi au compteur varie suivant les variables suivantes:\u00a0l&rsquo;heure (jour\/nuit), la distance, le temps de course, le temps d&rsquo;arr\u00eat\u00a0et la zone de d\u00e9placement. Cette tarification au compteur a le m\u00e9rite d&rsquo;\u00eatre pr\u00e9cise pour<\/p>\n","protected":false},"author":5,"featured_media":619,"comment_status":"open","ping_status":"open","sticky":false,"template":"","format":"standard","meta":{"two_page_speed":[],"footnotes":""},"categories":[7],"tags":[25,24,26],"class_list":{"0":"post-475","1":"post","2":"type-post","3":"status-publish","4":"format-standard","5":"has-post-thumbnail","7":"category-transporteurs","8":"tag-taxi-forfait","9":"tag-taxi-prix-fixe","10":"tag-taxi-prix-fixe-a-lavance"},"yoast_head":"<!-- This site is optimized with the Yoast SEO plugin v26.3 - https:\/\/yoast.com\/wordpress\/plugins\/seo\/ -->\n<title>Je suis taxi et je fixe mes tarifs \u00e0 l&#039;avance !<\/title>\n<meta name=\"description\" content=\"Taxi &amp; prix fix\u00e9 \u00e0 l&#039;avance: est-ce possible? Les prix des taxis sont fix\u00e9s chaque ann\u00e9e par les arr\u00eat\u00e9s pr\u00e9fectoraux. Le prix d&#039;un taxi au compteur\" \/>\n<meta name=\"robots\" content=\"index, follow, max-snippet:-1, max-image-preview:large, max-video-preview:-1\" \/>\n<link rel=\"canonical\" href=\"https:\/\/montransport.com\/blog\/taxi-prix-fixe\/\" \/>\n<meta property=\"og:locale\" content=\"fr_FR\" \/>\n<meta property=\"og:type\" content=\"article\" \/>\n<meta property=\"og:title\" content=\"Je suis taxi et je fixe mes tarifs \u00e0 l&#039;avance !\" \/>\n<meta property=\"og:description\" content=\"Taxi &amp; prix fix\u00e9 \u00e0 l&#039;avance: est-ce possible? Les prix des taxis sont fix\u00e9s chaque ann\u00e9e par les arr\u00eat\u00e9s pr\u00e9fectoraux. Le prix d&#039;un taxi au compteur\" \/>\n<meta property=\"og:url\" content=\"https:\/\/montransport.com\/blog\/taxi-prix-fixe\/\" \/>\n<meta property=\"og:site_name\" content=\"monTransport.com - Blog\" \/>\n<meta property=\"article:publisher\" content=\"https:\/\/www.facebook.com\/pages\/monTransportcom\/146723315342839\" \/>\n<meta property=\"article:published_time\" content=\"2019-08-31T09:40:51+00:00\" \/>\n<meta property=\"article:modified_time\" content=\"2025-11-17T12:03:08+00:00\" \/>\n<meta property=\"og:image\" content=\"https:\/\/montransport.com\/blog\/wp-content\/uploads\/2019\/08\/money-256281_1280.jpg\" \/>\n\t<meta property=\"og:image:width\" content=\"1280\" \/>\n\t<meta property=\"og:image:height\" content=\"847\" \/>\n\t<meta property=\"og:image:type\" content=\"image\/jpeg\" \/>\n<meta name=\"author\" content=\"Alb\u00e9ric de Bernis\" \/>\n<meta name=\"twitter:card\" content=\"summary_large_image\" \/>\n<meta name=\"twitter:creator\" content=\"@montransport\" \/>\n<meta name=\"twitter:site\" content=\"@montransport\" \/>\n<meta name=\"twitter:label1\" content=\"\u00c9crit par\" \/>\n\t<meta name=\"twitter:data1\" content=\"Alb\u00e9ric de Bernis\" \/>\n\t<meta name=\"twitter:label2\" content=\"Dur\u00e9e de lecture estim\u00e9e\" \/>\n\t<meta name=\"twitter:data2\" content=\"4 minutes\" \/>\n<script type=\"application\/ld+json\" class=\"yoast-schema-graph\">{\"@context\":\"https:\/\/schema.org\",\"@graph\":[{\"@type\":\"Article\",\"@id\":\"https:\/\/montransport.com\/blog\/taxi-prix-fixe\/#article\",\"isPartOf\":{\"@id\":\"https:\/\/montransport.com\/blog\/taxi-prix-fixe\/\"},\"author\":{\"name\":\"Alb\u00e9ric de Bernis\",\"@id\":\"https:\/\/montransport.com\/blog\/#\/schema\/person\/79e0564d115597fc24ecc7ae1d6267c4\"},\"headline\":\"Je suis taxi et je fixe mes tarifs \u00e0 l&rsquo;avance !\",\"datePublished\":\"2019-08-31T09:40:51+00:00\",\"dateModified\":\"2025-11-17T12:03:08+00:00\",\"mainEntityOfPage\":{\"@id\":\"https:\/\/montransport.com\/blog\/taxi-prix-fixe\/\"},\"wordCount\":663,\"commentCount\":0,\"publisher\":{\"@id\":\"https:\/\/montransport.com\/blog\/#organization\"},\"image\":{\"@id\":\"https:\/\/montransport.com\/blog\/taxi-prix-fixe\/#primaryimage\"},\"thumbnailUrl\":\"https:\/\/montransport.com\/blog\/wp-content\/uploads\/2019\/08\/money-256281_1280.jpg\",\"keywords\":[\"taxi forfait\",\"taxi prix fixe\",\"taxi prix fix\u00e9 \u00e0 l'avance\"],\"articleSection\":[\"\ud83d\udce6 Transporteurs \/ Chauffeurs\"],\"inLanguage\":\"fr-FR\",\"potentialAction\":[{\"@type\":\"CommentAction\",\"name\":\"Comment\",\"target\":[\"https:\/\/montransport.com\/blog\/taxi-prix-fixe\/#respond\"]}]},{\"@type\":\"WebPage\",\"@id\":\"https:\/\/montransport.com\/blog\/taxi-prix-fixe\/\",\"url\":\"https:\/\/montransport.com\/blog\/taxi-prix-fixe\/\",\"name\":\"Je suis taxi et je fixe mes tarifs \u00e0 l'avance !\",\"isPartOf\":{\"@id\":\"https:\/\/montransport.com\/blog\/#website\"},\"primaryImageOfPage\":{\"@id\":\"https:\/\/montransport.com\/blog\/taxi-prix-fixe\/#primaryimage\"},\"image\":{\"@id\":\"https:\/\/montransport.com\/blog\/taxi-prix-fixe\/#primaryimage\"},\"thumbnailUrl\":\"https:\/\/montransport.com\/blog\/wp-content\/uploads\/2019\/08\/money-256281_1280.jpg\",\"datePublished\":\"2019-08-31T09:40:51+00:00\",\"dateModified\":\"2025-11-17T12:03:08+00:00\",\"description\":\"Taxi &amp; prix fix\u00e9 \u00e0 l'avance: est-ce possible? Les prix des taxis sont fix\u00e9s chaque ann\u00e9e par les arr\u00eat\u00e9s pr\u00e9fectoraux. Le prix d'un taxi au compteur\",\"breadcrumb\":{\"@id\":\"https:\/\/montransport.com\/blog\/taxi-prix-fixe\/#breadcrumb\"},\"inLanguage\":\"fr-FR\",\"potentialAction\":[{\"@type\":\"ReadAction\",\"target\":[\"https:\/\/montransport.com\/blog\/taxi-prix-fixe\/\"]}]},{\"@type\":\"ImageObject\",\"inLanguage\":\"fr-FR\",\"@id\":\"https:\/\/montransport.com\/blog\/taxi-prix-fixe\/#primaryimage\",\"url\":\"https:\/\/montransport.com\/blog\/wp-content\/uploads\/2019\/08\/money-256281_1280.jpg\",\"contentUrl\":\"https:\/\/montransport.com\/blog\/wp-content\/uploads\/2019\/08\/money-256281_1280.jpg\",\"width\":1280,\"height\":847,\"caption\":\"tarif-taxi\"},{\"@type\":\"BreadcrumbList\",\"@id\":\"https:\/\/montransport.com\/blog\/taxi-prix-fixe\/#breadcrumb\",\"itemListElement\":[{\"@type\":\"ListItem\",\"position\":1,\"name\":\"Home\",\"item\":\"https:\/\/montransport.com\/blog\/\"},{\"@type\":\"ListItem\",\"position\":2,\"name\":\"Je suis taxi et je fixe mes tarifs \u00e0 l&#8217;avance !\"}]},{\"@type\":\"WebSite\",\"@id\":\"https:\/\/montransport.com\/blog\/#website\",\"url\":\"https:\/\/montransport.com\/blog\/\",\"name\":\"monTransport.com Blog\",\"description\":\"D\u00e9couvrez le comparateur taxi &amp; VTC de monTransport.com : conseils, astuces et actualit\u00e9s pour voyageurs et chauffeurs\",\"publisher\":{\"@id\":\"https:\/\/montransport.com\/blog\/#organization\"},\"potentialAction\":[{\"@type\":\"SearchAction\",\"target\":{\"@type\":\"EntryPoint\",\"urlTemplate\":\"https:\/\/montransport.com\/blog\/?s={search_term_string}\"},\"query-input\":{\"@type\":\"PropertyValueSpecification\",\"valueRequired\":true,\"valueName\":\"search_term_string\"}}],\"inLanguage\":\"fr-FR\"},{\"@type\":\"Organization\",\"@id\":\"https:\/\/montransport.com\/blog\/#organization\",\"name\":\"monTransport.com\",\"url\":\"https:\/\/montransport.com\/blog\/\",\"logo\":{\"@type\":\"ImageObject\",\"inLanguage\":\"fr-FR\",\"@id\":\"https:\/\/montransport.com\/blog\/#\/schema\/logo\/image\/\",\"url\":\"https:\/\/montransport.com\/blog\/wp-content\/uploads\/2020\/11\/logo_bg_darkblue.jpg\",\"contentUrl\":\"https:\/\/montransport.com\/blog\/wp-content\/uploads\/2020\/11\/logo_bg_darkblue.jpg\",\"width\":500,\"height\":500,\"caption\":\"monTransport.com\"},\"image\":{\"@id\":\"https:\/\/montransport.com\/blog\/#\/schema\/logo\/image\/\"},\"sameAs\":[\"https:\/\/www.facebook.com\/pages\/monTransportcom\/146723315342839\",\"https:\/\/x.com\/montransport\",\"https:\/\/www.instagram.com\/montransport.com_officiel\/\",\"https:\/\/www.linkedin.com\/company\/montransport-com\"]},{\"@type\":\"Person\",\"@id\":\"https:\/\/montransport.com\/blog\/#\/schema\/person\/79e0564d115597fc24ecc7ae1d6267c4\",\"name\":\"Alb\u00e9ric de Bernis\",\"description\":\"Passionn\u00e9 par la mobilit\u00e9 et les nouveaux mod\u00e8les MaaS (Mobility as a Service).\",\"sameAs\":[\"https:\/\/monTransport.com\"],\"url\":\"https:\/\/montransport.com\/blog\/author\/admin\/\"}]}<\/script>\n<!-- \/ Yoast SEO plugin. -->","yoast_head_json":{"title":"Je suis taxi et je fixe mes tarifs \u00e0 l'avance !","description":"Taxi &amp; prix fix\u00e9 \u00e0 l'avance: est-ce possible? Les prix des taxis sont fix\u00e9s chaque ann\u00e9e par les arr\u00eat\u00e9s pr\u00e9fectoraux. Le prix d'un taxi au compteur","robots":{"index":"index","follow":"follow","max-snippet":"max-snippet:-1","max-image-preview":"max-image-preview:large","max-video-preview":"max-video-preview:-1"},"canonical":"https:\/\/montransport.com\/blog\/taxi-prix-fixe\/","og_locale":"fr_FR","og_type":"article","og_title":"Je suis taxi et je fixe mes tarifs \u00e0 l'avance !","og_description":"Taxi &amp; prix fix\u00e9 \u00e0 l'avance: est-ce possible? Les prix des taxis sont fix\u00e9s chaque ann\u00e9e par les arr\u00eat\u00e9s pr\u00e9fectoraux. Le prix d'un taxi au compteur","og_url":"https:\/\/montransport.com\/blog\/taxi-prix-fixe\/","og_site_name":"monTransport.com - Blog","article_publisher":"https:\/\/www.facebook.com\/pages\/monTransportcom\/146723315342839","article_published_time":"2019-08-31T09:40:51+00:00","article_modified_time":"2025-11-17T12:03:08+00:00","og_image":[{"width":1280,"height":847,"url":"https:\/\/montransport.com\/blog\/wp-content\/uploads\/2019\/08\/money-256281_1280.jpg","type":"image\/jpeg"}],"author":"Alb\u00e9ric de Bernis","twitter_card":"summary_large_image","twitter_creator":"@montransport","twitter_site":"@montransport","twitter_misc":{"\u00c9crit par":"Alb\u00e9ric de Bernis","Dur\u00e9e de lecture estim\u00e9e":"4 minutes"},"schema":{"@context":"https:\/\/schema.org","@graph":[{"@type":"Article","@id":"https:\/\/montransport.com\/blog\/taxi-prix-fixe\/#article","isPartOf":{"@id":"https:\/\/montransport.com\/blog\/taxi-prix-fixe\/"},"author":{"name":"Alb\u00e9ric de Bernis","@id":"https:\/\/montransport.com\/blog\/#\/schema\/person\/79e0564d115597fc24ecc7ae1d6267c4"},"headline":"Je suis taxi et je fixe mes tarifs \u00e0 l&rsquo;avance !","datePublished":"2019-08-31T09:40:51+00:00","dateModified":"2025-11-17T12:03:08+00:00","mainEntityOfPage":{"@id":"https:\/\/montransport.com\/blog\/taxi-prix-fixe\/"},"wordCount":663,"commentCount":0,"publisher":{"@id":"https:\/\/montransport.com\/blog\/#organization"},"image":{"@id":"https:\/\/montransport.com\/blog\/taxi-prix-fixe\/#primaryimage"},"thumbnailUrl":"https:\/\/montransport.com\/blog\/wp-content\/uploads\/2019\/08\/money-256281_1280.jpg","keywords":["taxi forfait","taxi prix fixe","taxi prix fix\u00e9 \u00e0 l'avance"],"articleSection":["\ud83d\udce6 Transporteurs \/ Chauffeurs"],"inLanguage":"fr-FR","potentialAction":[{"@type":"CommentAction","name":"Comment","target":["https:\/\/montransport.com\/blog\/taxi-prix-fixe\/#respond"]}]},{"@type":"WebPage","@id":"https:\/\/montransport.com\/blog\/taxi-prix-fixe\/","url":"https:\/\/montransport.com\/blog\/taxi-prix-fixe\/","name":"Je suis taxi et je fixe mes tarifs \u00e0 l'avance !","isPartOf":{"@id":"https:\/\/montransport.com\/blog\/#website"},"primaryImageOfPage":{"@id":"https:\/\/montransport.com\/blog\/taxi-prix-fixe\/#primaryimage"},"image":{"@id":"https:\/\/montransport.com\/blog\/taxi-prix-fixe\/#primaryimage"},"thumbnailUrl":"https:\/\/montransport.com\/blog\/wp-content\/uploads\/2019\/08\/money-256281_1280.jpg","datePublished":"2019-08-31T09:40:51+00:00","dateModified":"2025-11-17T12:03:08+00:00","description":"Taxi &amp; prix fix\u00e9 \u00e0 l'avance: est-ce possible? Les prix des taxis sont fix\u00e9s chaque ann\u00e9e par les arr\u00eat\u00e9s pr\u00e9fectoraux. Le prix d'un taxi au compteur","breadcrumb":{"@id":"https:\/\/montransport.com\/blog\/taxi-prix-fixe\/#breadcrumb"},"inLanguage":"fr-FR","potentialAction":[{"@type":"ReadAction","target":["https:\/\/montransport.com\/blog\/taxi-prix-fixe\/"]}]},{"@type":"ImageObject","inLanguage":"fr-FR","@id":"https:\/\/montransport.com\/blog\/taxi-prix-fixe\/#primaryimage","url":"https:\/\/montransport.com\/blog\/wp-content\/uploads\/2019\/08\/money-256281_1280.jpg","contentUrl":"https:\/\/montransport.com\/blog\/wp-content\/uploads\/2019\/08\/money-256281_1280.jpg","width":1280,"height":847,"caption":"tarif-taxi"},{"@type":"BreadcrumbList","@id":"https:\/\/montransport.com\/blog\/taxi-prix-fixe\/#breadcrumb","itemListElement":[{"@type":"ListItem","position":1,"name":"Home","item":"https:\/\/montransport.com\/blog\/"},{"@type":"ListItem","position":2,"name":"Je suis taxi et je fixe mes tarifs \u00e0 l&#8217;avance !"}]},{"@type":"WebSite","@id":"https:\/\/montransport.com\/blog\/#website","url":"https:\/\/montransport.com\/blog\/","name":"monTransport.com Blog","description":"D\u00e9couvrez le comparateur taxi &amp; VTC de monTransport.com : conseils, astuces et actualit\u00e9s pour voyageurs et chauffeurs","publisher":{"@id":"https:\/\/montransport.com\/blog\/#organization"},"potentialAction":[{"@type":"SearchAction","target":{"@type":"EntryPoint","urlTemplate":"https:\/\/montransport.com\/blog\/?s={search_term_string}"},"query-input":{"@type":"PropertyValueSpecification","valueRequired":true,"valueName":"search_term_string"}}],"inLanguage":"fr-FR"},{"@type":"Organization","@id":"https:\/\/montransport.com\/blog\/#organization","name":"monTransport.com","url":"https:\/\/montransport.com\/blog\/","logo":{"@type":"ImageObject","inLanguage":"fr-FR","@id":"https:\/\/montransport.com\/blog\/#\/schema\/logo\/image\/","url":"https:\/\/montransport.com\/blog\/wp-content\/uploads\/2020\/11\/logo_bg_darkblue.jpg","contentUrl":"https:\/\/montransport.com\/blog\/wp-content\/uploads\/2020\/11\/logo_bg_darkblue.jpg","width":500,"height":500,"caption":"monTransport.com"},"image":{"@id":"https:\/\/montransport.com\/blog\/#\/schema\/logo\/image\/"},"sameAs":["https:\/\/www.facebook.com\/pages\/monTransportcom\/146723315342839","https:\/\/x.com\/montransport","https:\/\/www.instagram.com\/montransport.com_officiel\/","https:\/\/www.linkedin.com\/company\/montransport-com"]},{"@type":"Person","@id":"https:\/\/montransport.com\/blog\/#\/schema\/person\/79e0564d115597fc24ecc7ae1d6267c4","name":"Alb\u00e9ric de Bernis","description":"Passionn\u00e9 par la mobilit\u00e9 et les nouveaux mod\u00e8les MaaS (Mobility as a Service).","sameAs":["https:\/\/monTransport.com"],"url":"https:\/\/montransport.com\/blog\/author\/admin\/"}]}},"_links":{"self":[{"href":"https:\/\/montransport.com\/blog\/wp-json\/wp\/v2\/posts\/475","targetHints":{"allow":["GET"]}}],"collection":[{"href":"https:\/\/montransport.com\/blog\/wp-json\/wp\/v2\/posts"}],"about":[{"href":"https:\/\/montransport.com\/blog\/wp-json\/wp\/v2\/types\/post"}],"author":[{"embeddable":true,"href":"https:\/\/montransport.com\/blog\/wp-json\/wp\/v2\/users\/5"}],"replies":[{"embeddable":true,"href":"https:\/\/montransport.com\/blog\/wp-json\/wp\/v2\/comments?post=475"}],"version-history":[{"count":15,"href":"https:\/\/montransport.com\/blog\/wp-json\/wp\/v2\/posts\/475\/revisions"}],"predecessor-version":[{"id":776,"href":"https:\/\/montransport.com\/blog\/wp-json\/wp\/v2\/posts\/475\/revisions\/776"}],"wp:featuredmedia":[{"embeddable":true,"href":"https:\/\/montransport.com\/blog\/wp-json\/wp\/v2\/media\/619"}],"wp:attachment":[{"href":"https:\/\/montransport.com\/blog\/wp-json\/wp\/v2\/media?parent=475"}],"wp:term":[{"taxonomy":"category","embeddable":true,"href":"https:\/\/montransport.com\/blog\/wp-json\/wp\/v2\/categories?post=475"},{"taxonomy":"post_tag","embeddable":true,"href":"https:\/\/montransport.com\/blog\/wp-json\/wp\/v2\/tags?post=475"}],"curies":[{"name":"wp","href":"https:\/\/api.w.org\/{rel}","templated":true}]}}