{"id":469,"date":"2019-08-31T11:42:07","date_gmt":"2019-08-31T09:42:07","guid":{"rendered":"https:\/\/montransport.com\/blog\/?p=469"},"modified":"2025-11-17T13:03:00","modified_gmt":"2025-11-17T12:03:00","slug":"lannee-2017-et-ses-nouvelles-fonctionnalites","status":"publish","type":"post","link":"https:\/\/montransport.com\/blog\/lannee-2017-et-ses-nouvelles-fonctionnalites\/","title":{"rendered":"L&rsquo;ann\u00e9e 2017 et ses nouvelles fonctionnalit\u00e9s."},"content":{"rendered":"<p><img decoding=\"async\" class=\"aligncenter\" src=\"https:\/\/montransport.com\/blog\/wp-content\/uploads\/2017\/01\/logo-300x123.jpg\" alt=\"logo\" width=\"300\" height=\"123\" \/><\/p>\n<p>Chers transporteurs affili\u00e9s,<\/p>\n<p>L\u2019ann\u00e9e 2017 d\u00e9marre avec de nouvelles fonctionnalit\u00e9s sur monTransport.com ! Ces fonctions viennent s&rsquo;ajouter \u00e0 l&rsquo;<a href=\"https:\/\/montransport.com\/blog\/montransport-com-lance-le-tarif-instantane\/\">offre automatique<\/a> que nous avions d\u00e9j\u00e0 pr\u00e9sent\u00e9.<\/p>\n<h2>ADYEN\u00a0: nouveau partenaire de paiement<\/h2>\n<p><img decoding=\"async\" class=\"alignleft\" style=\"letter-spacing: 0.05em;\" src=\"https:\/\/montransport.com\/blog\/wp-content\/uploads\/2017\/01\/visa-300x119.png\" alt=\"visa\" width=\"300\" height=\"119\" \/>Nous avons d\u00e9cid\u00e9 pour ce d\u00e9but d&rsquo;ann\u00e9e de changer de solution de paiement. ADYEN s&rsquo;av\u00e8re \u00eatre plus fiable, s\u00e9curis\u00e9 et a l&rsquo;avantage de permettre des paiements avec tous types de cartes bancaires. ADYEN est actuellement l&rsquo;un des leaders dans le domaine des solutions de paiement.<\/p>\n<p>Les paiements de vos prestations en resteront inchang\u00e9s. Ils seront toujours r\u00e9alis\u00e9s dans les meilleurs d\u00e9lais, apr\u00e8s que la prestation de transport ait \u00e9t\u00e9 r\u00e9alis\u00e9e.<\/p>\n<p>Afin d&rsquo;int\u00e9grer pleinement ce changement, nous avons donc modifi\u00e9 nos\u00a0Conditions G\u00e9n\u00e9rales\u00a0afin de mentionner ADYEN comme notre nouveau partenaire de paiement.<\/p>\n<h2>Partagez votre r\u00e9putation<\/h2>\n<p><img decoding=\"async\" class=\"alignleft\" style=\"letter-spacing: 0.05em;\" src=\"https:\/\/montransport.com\/blog\/wp-content\/uploads\/2017\/01\/oo1-300x154.png\" alt=\"oo\" width=\"300\" height=\"154\" \/>Apr\u00e8s avoir effectu\u00e9 une r\u00e9servation sur\u00a0<a title=\"www.montransport.com\" href=\"https:\/\/montransport.com\" target=\"_blank\" rel=\"noopener noreferrer\">monTransport.com<\/a>, le client est invit\u00e9 \u00e0 vous laisser un avis et une \u00e9valuation. La r\u00e9putation constitue une composante ultra-importante pour obtenir toujours plus de r\u00e9servations et agrandir sa client\u00e8le que ce soit sur monTransport.com ou ailleurs\u00a0!<\/p>\n<p>Dor\u00e9navant vous pourrez choisir de partager sur Facebook vos meilleures \u00e9valuations\u00a0! Rendez-vous directement sur la r\u00e9servation disposant d&rsquo;une \u00e9valuation et cliquez sur le bouton Facebook \u00ab\u00a0Partager\u00a0\u00bb.<\/p>\n<p>Plus vous partagerez vos bonnes \u00e9valuations, plus <a href=\"https:\/\/montransport.com\/blog\/comment-seduire-des-clients-sur-montransport-com\/\">vous attirerez de nouveaux clients<\/a>\u00a0!<\/p>\n<p>Recevez maintenant des trajets \u00e0 \u00ab\u00a0destination\u00a0\u00bb de vos zones de prise en charge<\/p>\n<p><img loading=\"lazy\" decoding=\"async\" class=\"alignleft\" style=\"letter-spacing: 0.05em;\" src=\"https:\/\/montransport.com\/blog\/wp-content\/uploads\/2017\/01\/om-300x203.png\" alt=\"om\" width=\"300\" height=\"203\" \/>monTransport.com vous permet de choisir les trajets qui vous int\u00e9ressent selon diff\u00e9rents crit\u00e8res comme vos zones de prises en charge. Vous pouvez dor\u00e9navant choisir jusqu\u2019\u00e0 20 d\u00e9partements de zones de r\u00e9ception et affinez les codes postaux souhait\u00e9s dans ces d\u00e9partements.<\/p>\n<p style=\"text-align: left;\">D&rsquo;autre part, apr\u00e8s avoir re\u00e7u de nombreuses demandes \u00e0 ce sujet, nous avons mis en place la r\u00e9ception des trajets \u00e0 \u00ab\u00a0destination\u00a0\u00bb d\u2019une zone s\u00e9lectionn\u00e9e.<\/p>\n<p>D\u00e9sormais, si vous activez cette option et que le code postal \u00ab\u00a076450\u00a0\u00bb est s\u00e9lectionn\u00e9 : vous recevrez tous les transferts aller-simple ayant un d\u00e9part du 76450 mais aussi ceux ayant une arriv\u00e9e dans le 76450 (incluant les trajets disposant d&rsquo;un d\u00e9part en dehors de vos zones de prises en charge).<\/p>\n<p>Pour activer cette option, cliquez sur \u00ab\u00a0Param\u00e8tres\u00a0\u00bb &gt; \u00ab\u00a0Zone de r\u00e9ception des trajets\u00a0\u00bb puis cliquez sur la coche verte. Les trajets seront instantan\u00e9ment disponibles sur la page \u00ab\u00a0trajets et offres\u00a0\u00bb.<\/p>\n<h2>D\u00e9masquez les trajets<\/h2>\n<p><img loading=\"lazy\" decoding=\"async\" class=\"alignright\" style=\"letter-spacing: 0.05em;\" src=\"https:\/\/montransport.com\/blog\/wp-content\/uploads\/2017\/01\/o2-300x117.png\" alt=\"o2\" width=\"290\" height=\"113\" \/>Enfin, vous avez \u00e9t\u00e9 nombreux \u00e0 nous le demander, vous pouvez d\u00e9masquer les trajets qui \u00e9taient pr\u00e9alablement masqu\u00e9s directement sur la page \u00ab\u00a0Trajets et offres\u00a0\u00bb.<\/p>\n<h2>Conclusion<\/h2>\n<p>Vous \u00eates maintenant un peu plus de 4000 entreprises \u00e0 nous faire confiance, merci\u00a0!!! Si vous voulez, vous aussi, faire partie de l&rsquo;aventure,<a href=\"https:\/\/montransport.com\/entreprises-transport-de-personnes-inscription.html\"> inscrivez-vous <\/a>!<\/p>\n<p>N\u2019h\u00e9sitez pas \u00e0 nous faire part de vos commentaires, critiques et am\u00e9liorations\u00a0! Gr\u00e2ce \u00e0 vous, notre communaut\u00e9 augmente et nos services s&rsquo;am\u00e9liorent\u00a0!<\/p>\n<p>Partagez notre article pour nous permettre d\u2019agrandir notre communaut\u00e9.<\/p>\n<p><strong>L&rsquo;\u00e9quipe MonTransport.com<\/strong><\/p>\n","protected":false},"excerpt":{"rendered":"<p>Chers transporteurs affili\u00e9s, L\u2019ann\u00e9e 2017 d\u00e9marre avec de nouvelles fonctionnalit\u00e9s sur monTransport.com ! Ces fonctions viennent s&rsquo;ajouter \u00e0 l&rsquo;offre automatique que nous avions d\u00e9j\u00e0 pr\u00e9sent\u00e9. ADYEN\u00a0: nouveau partenaire de paiement Nous avons d\u00e9cid\u00e9 pour ce d\u00e9but d&rsquo;ann\u00e9e de changer de solution de paiement. ADYEN s&rsquo;av\u00e8re \u00eatre plus fiable, s\u00e9curis\u00e9 et a l&rsquo;avantage de permettre des<\/p>\n","protected":false},"author":5,"featured_media":616,"comment_status":"open","ping_status":"open","sticky":false,"template":"","format":"standard","meta":{"two_page_speed":[],"footnotes":""},"categories":[13],"tags":[81,61],"class_list":{"0":"post-469","1":"post","2":"type-post","3":"status-publish","4":"format-standard","5":"has-post-thumbnail","7":"category-1-actualites-whats-new","8":"tag-en-vedette","9":"tag-fonctionnalites"},"yoast_head":"<!-- This site is optimized with the Yoast SEO plugin v26.3 - https:\/\/yoast.com\/wordpress\/plugins\/seo\/ -->\n<title>L&#039;ann\u00e9e 2017 et ses nouvelles fonctionnalit\u00e9s.<\/title>\n<meta name=\"description\" content=\"Chers transporteurs affili\u00e9s, L\u2019ann\u00e9e 2017 d\u00e9marre avec de nouvelles fonctionnalit\u00e9s sur monTransport.com ! Ces fonctions viennent s&#039;ajouter \u00e0 l&#039;offre\" \/>\n<meta name=\"robots\" content=\"index, follow, max-snippet:-1, max-image-preview:large, max-video-preview:-1\" \/>\n<link rel=\"canonical\" href=\"https:\/\/montransport.com\/blog\/lannee-2017-et-ses-nouvelles-fonctionnalites\/\" \/>\n<meta property=\"og:locale\" content=\"fr_FR\" \/>\n<meta property=\"og:type\" content=\"article\" \/>\n<meta property=\"og:title\" content=\"L&#039;ann\u00e9e 2017 et ses nouvelles fonctionnalit\u00e9s.\" \/>\n<meta property=\"og:description\" content=\"Chers transporteurs affili\u00e9s, L\u2019ann\u00e9e 2017 d\u00e9marre avec de nouvelles fonctionnalit\u00e9s sur monTransport.com ! Ces fonctions viennent s&#039;ajouter \u00e0 l&#039;offre\" \/>\n<meta property=\"og:url\" content=\"https:\/\/montransport.com\/blog\/lannee-2017-et-ses-nouvelles-fonctionnalites\/\" \/>\n<meta property=\"og:site_name\" content=\"monTransport.com - Blog\" \/>\n<meta property=\"article:publisher\" content=\"https:\/\/www.facebook.com\/pages\/monTransportcom\/146723315342839\" \/>\n<meta property=\"article:published_time\" content=\"2019-08-31T09:42:07+00:00\" \/>\n<meta property=\"article:modified_time\" content=\"2025-11-17T12:03:00+00:00\" \/>\n<meta property=\"og:image\" content=\"https:\/\/montransport.com\/blog\/wp-content\/uploads\/2019\/08\/hand-4082009_1280.jpg\" \/>\n\t<meta property=\"og:image:width\" content=\"1280\" \/>\n\t<meta property=\"og:image:height\" content=\"854\" \/>\n\t<meta property=\"og:image:type\" content=\"image\/jpeg\" \/>\n<meta name=\"author\" content=\"Alb\u00e9ric de Bernis\" \/>\n<meta name=\"twitter:card\" content=\"summary_large_image\" \/>\n<meta name=\"twitter:creator\" content=\"@montransport\" \/>\n<meta name=\"twitter:site\" content=\"@montransport\" \/>\n<meta name=\"twitter:label1\" content=\"\u00c9crit par\" \/>\n\t<meta name=\"twitter:data1\" content=\"Alb\u00e9ric de Bernis\" \/>\n\t<meta name=\"twitter:label2\" content=\"Dur\u00e9e de lecture estim\u00e9e\" \/>\n\t<meta name=\"twitter:data2\" content=\"4 minutes\" \/>\n<script type=\"application\/ld+json\" class=\"yoast-schema-graph\">{\"@context\":\"https:\/\/schema.org\",\"@graph\":[{\"@type\":\"Article\",\"@id\":\"https:\/\/montransport.com\/blog\/lannee-2017-et-ses-nouvelles-fonctionnalites\/#article\",\"isPartOf\":{\"@id\":\"https:\/\/montransport.com\/blog\/lannee-2017-et-ses-nouvelles-fonctionnalites\/\"},\"author\":{\"name\":\"Alb\u00e9ric de Bernis\",\"@id\":\"https:\/\/montransport.com\/blog\/#\/schema\/person\/79e0564d115597fc24ecc7ae1d6267c4\"},\"headline\":\"L&rsquo;ann\u00e9e 2017 et ses nouvelles fonctionnalit\u00e9s.\",\"datePublished\":\"2019-08-31T09:42:07+00:00\",\"dateModified\":\"2025-11-17T12:03:00+00:00\",\"mainEntityOfPage\":{\"@id\":\"https:\/\/montransport.com\/blog\/lannee-2017-et-ses-nouvelles-fonctionnalites\/\"},\"wordCount\":520,\"commentCount\":0,\"publisher\":{\"@id\":\"https:\/\/montransport.com\/blog\/#organization\"},\"image\":{\"@id\":\"https:\/\/montransport.com\/blog\/lannee-2017-et-ses-nouvelles-fonctionnalites\/#primaryimage\"},\"thumbnailUrl\":\"https:\/\/montransport.com\/blog\/wp-content\/uploads\/2019\/08\/hand-4082009_1280.jpg\",\"keywords\":[\"EN VEDETTE\",\"fonctionnalit\u00e9s\"],\"articleSection\":[\"\ud83d\udce3 Actualit\u00e9s \/ Mises \u00e0 jour\"],\"inLanguage\":\"fr-FR\",\"potentialAction\":[{\"@type\":\"CommentAction\",\"name\":\"Comment\",\"target\":[\"https:\/\/montransport.com\/blog\/lannee-2017-et-ses-nouvelles-fonctionnalites\/#respond\"]}]},{\"@type\":\"WebPage\",\"@id\":\"https:\/\/montransport.com\/blog\/lannee-2017-et-ses-nouvelles-fonctionnalites\/\",\"url\":\"https:\/\/montransport.com\/blog\/lannee-2017-et-ses-nouvelles-fonctionnalites\/\",\"name\":\"L'ann\u00e9e 2017 et ses nouvelles fonctionnalit\u00e9s.\",\"isPartOf\":{\"@id\":\"https:\/\/montransport.com\/blog\/#website\"},\"primaryImageOfPage\":{\"@id\":\"https:\/\/montransport.com\/blog\/lannee-2017-et-ses-nouvelles-fonctionnalites\/#primaryimage\"},\"image\":{\"@id\":\"https:\/\/montransport.com\/blog\/lannee-2017-et-ses-nouvelles-fonctionnalites\/#primaryimage\"},\"thumbnailUrl\":\"https:\/\/montransport.com\/blog\/wp-content\/uploads\/2019\/08\/hand-4082009_1280.jpg\",\"datePublished\":\"2019-08-31T09:42:07+00:00\",\"dateModified\":\"2025-11-17T12:03:00+00:00\",\"description\":\"Chers transporteurs affili\u00e9s, L\u2019ann\u00e9e 2017 d\u00e9marre avec de nouvelles fonctionnalit\u00e9s sur monTransport.com ! Ces fonctions viennent s'ajouter \u00e0 l'offre\",\"breadcrumb\":{\"@id\":\"https:\/\/montransport.com\/blog\/lannee-2017-et-ses-nouvelles-fonctionnalites\/#breadcrumb\"},\"inLanguage\":\"fr-FR\",\"potentialAction\":[{\"@type\":\"ReadAction\",\"target\":[\"https:\/\/montransport.com\/blog\/lannee-2017-et-ses-nouvelles-fonctionnalites\/\"]}]},{\"@type\":\"ImageObject\",\"inLanguage\":\"fr-FR\",\"@id\":\"https:\/\/montransport.com\/blog\/lannee-2017-et-ses-nouvelles-fonctionnalites\/#primaryimage\",\"url\":\"https:\/\/montransport.com\/blog\/wp-content\/uploads\/2019\/08\/hand-4082009_1280.jpg\",\"contentUrl\":\"https:\/\/montransport.com\/blog\/wp-content\/uploads\/2019\/08\/hand-4082009_1280.jpg\",\"width\":1280,\"height\":854,\"caption\":\"fonctionnalit\u00e9s-montransport.com\"},{\"@type\":\"BreadcrumbList\",\"@id\":\"https:\/\/montransport.com\/blog\/lannee-2017-et-ses-nouvelles-fonctionnalites\/#breadcrumb\",\"itemListElement\":[{\"@type\":\"ListItem\",\"position\":1,\"name\":\"Home\",\"item\":\"https:\/\/montransport.com\/blog\/\"},{\"@type\":\"ListItem\",\"position\":2,\"name\":\"L&#8217;ann\u00e9e 2017 et ses nouvelles fonctionnalit\u00e9s.\"}]},{\"@type\":\"WebSite\",\"@id\":\"https:\/\/montransport.com\/blog\/#website\",\"url\":\"https:\/\/montransport.com\/blog\/\",\"name\":\"monTransport.com Blog\",\"description\":\"D\u00e9couvrez le comparateur taxi &amp; VTC de monTransport.com : conseils, astuces et actualit\u00e9s pour voyageurs et chauffeurs\",\"publisher\":{\"@id\":\"https:\/\/montransport.com\/blog\/#organization\"},\"potentialAction\":[{\"@type\":\"SearchAction\",\"target\":{\"@type\":\"EntryPoint\",\"urlTemplate\":\"https:\/\/montransport.com\/blog\/?s={search_term_string}\"},\"query-input\":{\"@type\":\"PropertyValueSpecification\",\"valueRequired\":true,\"valueName\":\"search_term_string\"}}],\"inLanguage\":\"fr-FR\"},{\"@type\":\"Organization\",\"@id\":\"https:\/\/montransport.com\/blog\/#organization\",\"name\":\"monTransport.com\",\"url\":\"https:\/\/montransport.com\/blog\/\",\"logo\":{\"@type\":\"ImageObject\",\"inLanguage\":\"fr-FR\",\"@id\":\"https:\/\/montransport.com\/blog\/#\/schema\/logo\/image\/\",\"url\":\"https:\/\/montransport.com\/blog\/wp-content\/uploads\/2020\/11\/logo_bg_darkblue.jpg\",\"contentUrl\":\"https:\/\/montransport.com\/blog\/wp-content\/uploads\/2020\/11\/logo_bg_darkblue.jpg\",\"width\":500,\"height\":500,\"caption\":\"monTransport.com\"},\"image\":{\"@id\":\"https:\/\/montransport.com\/blog\/#\/schema\/logo\/image\/\"},\"sameAs\":[\"https:\/\/www.facebook.com\/pages\/monTransportcom\/146723315342839\",\"https:\/\/x.com\/montransport\",\"https:\/\/www.instagram.com\/montransport.com_officiel\/\",\"https:\/\/www.linkedin.com\/company\/montransport-com\"]},{\"@type\":\"Person\",\"@id\":\"https:\/\/montransport.com\/blog\/#\/schema\/person\/79e0564d115597fc24ecc7ae1d6267c4\",\"name\":\"Alb\u00e9ric de Bernis\",\"description\":\"Passionn\u00e9 par la mobilit\u00e9 et les nouveaux mod\u00e8les MaaS (Mobility as a Service).\",\"sameAs\":[\"https:\/\/monTransport.com\"],\"url\":\"https:\/\/montransport.com\/blog\/author\/admin\/\"}]}<\/script>\n<!-- \/ Yoast SEO plugin. -->","yoast_head_json":{"title":"L'ann\u00e9e 2017 et ses nouvelles fonctionnalit\u00e9s.","description":"Chers transporteurs affili\u00e9s, L\u2019ann\u00e9e 2017 d\u00e9marre avec de nouvelles fonctionnalit\u00e9s sur monTransport.com ! Ces fonctions viennent s'ajouter \u00e0 l'offre","robots":{"index":"index","follow":"follow","max-snippet":"max-snippet:-1","max-image-preview":"max-image-preview:large","max-video-preview":"max-video-preview:-1"},"canonical":"https:\/\/montransport.com\/blog\/lannee-2017-et-ses-nouvelles-fonctionnalites\/","og_locale":"fr_FR","og_type":"article","og_title":"L'ann\u00e9e 2017 et ses nouvelles fonctionnalit\u00e9s.","og_description":"Chers transporteurs affili\u00e9s, L\u2019ann\u00e9e 2017 d\u00e9marre avec de nouvelles fonctionnalit\u00e9s sur monTransport.com ! Ces fonctions viennent s'ajouter \u00e0 l'offre","og_url":"https:\/\/montransport.com\/blog\/lannee-2017-et-ses-nouvelles-fonctionnalites\/","og_site_name":"monTransport.com - Blog","article_publisher":"https:\/\/www.facebook.com\/pages\/monTransportcom\/146723315342839","article_published_time":"2019-08-31T09:42:07+00:00","article_modified_time":"2025-11-17T12:03:00+00:00","og_image":[{"width":1280,"height":854,"url":"https:\/\/montransport.com\/blog\/wp-content\/uploads\/2019\/08\/hand-4082009_1280.jpg","type":"image\/jpeg"}],"author":"Alb\u00e9ric de Bernis","twitter_card":"summary_large_image","twitter_creator":"@montransport","twitter_site":"@montransport","twitter_misc":{"\u00c9crit par":"Alb\u00e9ric de Bernis","Dur\u00e9e de lecture estim\u00e9e":"4 minutes"},"schema":{"@context":"https:\/\/schema.org","@graph":[{"@type":"Article","@id":"https:\/\/montransport.com\/blog\/lannee-2017-et-ses-nouvelles-fonctionnalites\/#article","isPartOf":{"@id":"https:\/\/montransport.com\/blog\/lannee-2017-et-ses-nouvelles-fonctionnalites\/"},"author":{"name":"Alb\u00e9ric de Bernis","@id":"https:\/\/montransport.com\/blog\/#\/schema\/person\/79e0564d115597fc24ecc7ae1d6267c4"},"headline":"L&rsquo;ann\u00e9e 2017 et ses nouvelles fonctionnalit\u00e9s.","datePublished":"2019-08-31T09:42:07+00:00","dateModified":"2025-11-17T12:03:00+00:00","mainEntityOfPage":{"@id":"https:\/\/montransport.com\/blog\/lannee-2017-et-ses-nouvelles-fonctionnalites\/"},"wordCount":520,"commentCount":0,"publisher":{"@id":"https:\/\/montransport.com\/blog\/#organization"},"image":{"@id":"https:\/\/montransport.com\/blog\/lannee-2017-et-ses-nouvelles-fonctionnalites\/#primaryimage"},"thumbnailUrl":"https:\/\/montransport.com\/blog\/wp-content\/uploads\/2019\/08\/hand-4082009_1280.jpg","keywords":["EN VEDETTE","fonctionnalit\u00e9s"],"articleSection":["\ud83d\udce3 Actualit\u00e9s \/ Mises \u00e0 jour"],"inLanguage":"fr-FR","potentialAction":[{"@type":"CommentAction","name":"Comment","target":["https:\/\/montransport.com\/blog\/lannee-2017-et-ses-nouvelles-fonctionnalites\/#respond"]}]},{"@type":"WebPage","@id":"https:\/\/montransport.com\/blog\/lannee-2017-et-ses-nouvelles-fonctionnalites\/","url":"https:\/\/montransport.com\/blog\/lannee-2017-et-ses-nouvelles-fonctionnalites\/","name":"L'ann\u00e9e 2017 et ses nouvelles fonctionnalit\u00e9s.","isPartOf":{"@id":"https:\/\/montransport.com\/blog\/#website"},"primaryImageOfPage":{"@id":"https:\/\/montransport.com\/blog\/lannee-2017-et-ses-nouvelles-fonctionnalites\/#primaryimage"},"image":{"@id":"https:\/\/montransport.com\/blog\/lannee-2017-et-ses-nouvelles-fonctionnalites\/#primaryimage"},"thumbnailUrl":"https:\/\/montransport.com\/blog\/wp-content\/uploads\/2019\/08\/hand-4082009_1280.jpg","datePublished":"2019-08-31T09:42:07+00:00","dateModified":"2025-11-17T12:03:00+00:00","description":"Chers transporteurs affili\u00e9s, L\u2019ann\u00e9e 2017 d\u00e9marre avec de nouvelles fonctionnalit\u00e9s sur monTransport.com ! Ces fonctions viennent s'ajouter \u00e0 l'offre","breadcrumb":{"@id":"https:\/\/montransport.com\/blog\/lannee-2017-et-ses-nouvelles-fonctionnalites\/#breadcrumb"},"inLanguage":"fr-FR","potentialAction":[{"@type":"ReadAction","target":["https:\/\/montransport.com\/blog\/lannee-2017-et-ses-nouvelles-fonctionnalites\/"]}]},{"@type":"ImageObject","inLanguage":"fr-FR","@id":"https:\/\/montransport.com\/blog\/lannee-2017-et-ses-nouvelles-fonctionnalites\/#primaryimage","url":"https:\/\/montransport.com\/blog\/wp-content\/uploads\/2019\/08\/hand-4082009_1280.jpg","contentUrl":"https:\/\/montransport.com\/blog\/wp-content\/uploads\/2019\/08\/hand-4082009_1280.jpg","width":1280,"height":854,"caption":"fonctionnalit\u00e9s-montransport.com"},{"@type":"BreadcrumbList","@id":"https:\/\/montransport.com\/blog\/lannee-2017-et-ses-nouvelles-fonctionnalites\/#breadcrumb","itemListElement":[{"@type":"ListItem","position":1,"name":"Home","item":"https:\/\/montransport.com\/blog\/"},{"@type":"ListItem","position":2,"name":"L&#8217;ann\u00e9e 2017 et ses nouvelles fonctionnalit\u00e9s."}]},{"@type":"WebSite","@id":"https:\/\/montransport.com\/blog\/#website","url":"https:\/\/montransport.com\/blog\/","name":"monTransport.com Blog","description":"D\u00e9couvrez le comparateur taxi &amp; VTC de monTransport.com : conseils, astuces et actualit\u00e9s pour voyageurs et chauffeurs","publisher":{"@id":"https:\/\/montransport.com\/blog\/#organization"},"potentialAction":[{"@type":"SearchAction","target":{"@type":"EntryPoint","urlTemplate":"https:\/\/montransport.com\/blog\/?s={search_term_string}"},"query-input":{"@type":"PropertyValueSpecification","valueRequired":true,"valueName":"search_term_string"}}],"inLanguage":"fr-FR"},{"@type":"Organization","@id":"https:\/\/montransport.com\/blog\/#organization","name":"monTransport.com","url":"https:\/\/montransport.com\/blog\/","logo":{"@type":"ImageObject","inLanguage":"fr-FR","@id":"https:\/\/montransport.com\/blog\/#\/schema\/logo\/image\/","url":"https:\/\/montransport.com\/blog\/wp-content\/uploads\/2020\/11\/logo_bg_darkblue.jpg","contentUrl":"https:\/\/montransport.com\/blog\/wp-content\/uploads\/2020\/11\/logo_bg_darkblue.jpg","width":500,"height":500,"caption":"monTransport.com"},"image":{"@id":"https:\/\/montransport.com\/blog\/#\/schema\/logo\/image\/"},"sameAs":["https:\/\/www.facebook.com\/pages\/monTransportcom\/146723315342839","https:\/\/x.com\/montransport","https:\/\/www.instagram.com\/montransport.com_officiel\/","https:\/\/www.linkedin.com\/company\/montransport-com"]},{"@type":"Person","@id":"https:\/\/montransport.com\/blog\/#\/schema\/person\/79e0564d115597fc24ecc7ae1d6267c4","name":"Alb\u00e9ric de Bernis","description":"Passionn\u00e9 par la mobilit\u00e9 et les nouveaux mod\u00e8les MaaS (Mobility as a Service).","sameAs":["https:\/\/monTransport.com"],"url":"https:\/\/montransport.com\/blog\/author\/admin\/"}]}},"_links":{"self":[{"href":"https:\/\/montransport.com\/blog\/wp-json\/wp\/v2\/posts\/469","targetHints":{"allow":["GET"]}}],"collection":[{"href":"https:\/\/montransport.com\/blog\/wp-json\/wp\/v2\/posts"}],"about":[{"href":"https:\/\/montransport.com\/blog\/wp-json\/wp\/v2\/types\/post"}],"author":[{"embeddable":true,"href":"https:\/\/montransport.com\/blog\/wp-json\/wp\/v2\/users\/5"}],"replies":[{"embeddable":true,"href":"https:\/\/montransport.com\/blog\/wp-json\/wp\/v2\/comments?post=469"}],"version-history":[{"count":12,"href":"https:\/\/montransport.com\/blog\/wp-json\/wp\/v2\/posts\/469\/revisions"}],"predecessor-version":[{"id":3516,"href":"https:\/\/montransport.com\/blog\/wp-json\/wp\/v2\/posts\/469\/revisions\/3516"}],"wp:featuredmedia":[{"embeddable":true,"href":"https:\/\/montransport.com\/blog\/wp-json\/wp\/v2\/media\/616"}],"wp:attachment":[{"href":"https:\/\/montransport.com\/blog\/wp-json\/wp\/v2\/media?parent=469"}],"wp:term":[{"taxonomy":"category","embeddable":true,"href":"https:\/\/montransport.com\/blog\/wp-json\/wp\/v2\/categories?post=469"},{"taxonomy":"post_tag","embeddable":true,"href":"https:\/\/montransport.com\/blog\/wp-json\/wp\/v2\/tags?post=469"}],"curies":[{"name":"wp","href":"https:\/\/api.w.org\/{rel}","templated":true}]}}