{"id":422,"date":"2019-08-31T11:42:52","date_gmt":"2019-08-31T09:42:52","guid":{"rendered":"https:\/\/montransport.com\/blog\/?p=422"},"modified":"2025-11-17T13:02:51","modified_gmt":"2025-11-17T12:02:51","slug":"comment-choisir-son-assurance-rc-pro-taxi-vtc","status":"publish","type":"post","link":"https:\/\/montransport.com\/blog\/comment-choisir-son-assurance-rc-pro-taxi-vtc\/","title":{"rendered":"COMMENT CHOISIR SON ASSURANCE RC Pro Taxi \/ VTC ?"},"content":{"rendered":"<p>Une assurance Responsabilit\u00e9 Civile Professionnelle (RCP ou RC Pro) est obligatoire pour les taxis, VTC et toutes autres entreprises de transport de personnes \u00e0 titre on\u00e9reux.<\/p>\n<p>La \u201cRC Pro\u201d couvre la prise en charge des dommages corporels ou mat\u00e9riels, caus\u00e9s notamment aux personnes transport\u00e9es. Il peut s\u2019agir de d\u00e9t\u00e9rioration de bagages, des blessures suites \u00e0 un accrochage ou bien pire encore&#8230; En r\u00e9sum\u00e9, cette assurance couvre les potentiels d\u00e9g\u00e2ts provoqu\u00e9s durant une prestation de transport. C&rsquo;est <a href=\"https:\/\/montransport.com\/blog\/les-charges-composant-prix-transport\/\">une charge<\/a> qu&rsquo;il faut pr\u00e9voir.<\/p>\n<p>Les m\u00e9tiers du transport de voyageur fait prendre des risques au quotidien. Une bonne protection via un contrat d\u2019assurance Responsabilit\u00e9 Civile Professionnelle est donc primordiale et impos\u00e9 par les autorit\u00e9s.<\/p>\n<p>Afin de vous guider dans votre recherche, nous avons recueilli les meilleurs compagnies d\u2019assurances RC Pro taxi et VTC les plus utilis\u00e9es par nos partenaires :<\/p>\n<p><a href=\"https:\/\/montransport.com\/blog\/wp-content\/uploads\/2019\/05\/1.png\"><img fetchpriority=\"high\" decoding=\"async\" class=\"aligncenter\" title=\"Cette analyse \u00e0 \u00e9t\u00e9 effectu\u00e9e sur plus de 4000 taxis et VTC partenaires de monTransport.com \" src=\"https:\/\/montransport.com\/blog\/wp-content\/uploads\/2019\/05\/1.png\" alt=\"\" width=\"463\" height=\"360\" \/><\/a><\/p>\n<p style=\"text-align: center;\">\u00a0<em>Cette analyse \u00e0 \u00e9t\u00e9 effectu\u00e9e sur plus de 4000 taxis et VTC partenaires de monTransport.com\u00a0<\/em><em>\u00a0<\/em><\/p>\n<p>Vous pouvez constater qu\u2019un tier de nos Taxis et VTC partenaires utilisent la MAAF pour leur contrat RCP.<\/p>\n<p>Il est cependant important d\u2019\u00e9tablir des devis avec chacune de ces compagnies d\u2019assurance afin de comparer les diff\u00e9rentes options et prix qui diff\u00e8rent selon les crit\u00e8res de votre entreprise.<\/p>\n<p>L\u2019assurance RC Pro pour les taxis et VTC doit bien \u00e9videmment \u00eatre accompagn\u00e9 d\u2019assurance pour chacun des v\u00e9hicules de l\u2019entreprise. C\u2019est le sujet que nous abordons dans cet autre article \u00ab Quelle assurance v\u00e9hicule choisir pour les taxis et VTC ? \u00bb.<\/p>\n<p>Et vous? Avez vous d\u00e9j\u00e0 une assurance RCP? Si oui, la conseillez-vous ?<\/p>\n<p>Si vous d\u00e9sirez b\u00e9n\u00e9ficier des meilleures assurances possibles, <a href=\"https:\/\/montransport.com\/entreprises-transport-de-personnes-inscription.html\">inscrivez-vous<\/a> sur monTransport.com.<\/p>\n<p>Recommandez cet article aux entreprises de transport autour de vous, gr\u00e2ce aux r\u00e9seaux sociaux.<\/p>\n<p><a href=\"https:\/\/montransport.com\/blog\/wp-content\/uploads\/2019\/05\/12.png\"><img decoding=\"async\" src=\"https:\/\/montransport.com\/blog\/wp-content\/uploads\/2019\/05\/12.png\" alt=\"1\" width=\"799\" height=\"83\" \/><\/a><\/p>\n","protected":false},"excerpt":{"rendered":"<p>Une assurance Responsabilit\u00e9 Civile Professionnelle (RCP ou RC Pro) est obligatoire pour les taxis, VTC et toutes autres entreprises de transport de personnes \u00e0 titre on\u00e9reux. La \u201cRC Pro\u201d couvre la prise en charge des dommages corporels ou mat\u00e9riels, caus\u00e9s notamment aux personnes transport\u00e9es. Il peut s\u2019agir de d\u00e9t\u00e9rioration de bagages, des blessures suites \u00e0<\/p>\n","protected":false},"author":5,"featured_media":615,"comment_status":"open","ping_status":"open","sticky":false,"template":"","format":"standard","meta":{"two_page_speed":[],"footnotes":""},"categories":[7],"tags":[62,31,63],"class_list":{"0":"post-422","1":"post","2":"type-post","3":"status-publish","4":"format-standard","5":"has-post-thumbnail","7":"category-transporteurs","8":"tag-assurance-pro","9":"tag-taxi","10":"tag-vtc"},"yoast_head":"<!-- This site is optimized with the Yoast SEO plugin v26.3 - https:\/\/yoast.com\/wordpress\/plugins\/seo\/ -->\n<title>COMMENT CHOISIR SON ASSURANCE RC Pro Taxi \/ VTC ?<\/title>\n<meta name=\"description\" content=\"Une assurance Responsabilit\u00e9 Civile Professionnelle (RCP ou RC Pro) est obligatoire pour les taxis, VTC et toutes autres entreprises de transport de\" \/>\n<meta name=\"robots\" content=\"index, follow, max-snippet:-1, max-image-preview:large, max-video-preview:-1\" \/>\n<link rel=\"canonical\" href=\"https:\/\/montransport.com\/blog\/comment-choisir-son-assurance-rc-pro-taxi-vtc\/\" \/>\n<meta property=\"og:locale\" content=\"fr_FR\" \/>\n<meta property=\"og:type\" content=\"article\" \/>\n<meta property=\"og:title\" content=\"COMMENT CHOISIR SON ASSURANCE RC Pro Taxi \/ VTC ?\" \/>\n<meta property=\"og:description\" content=\"Une assurance Responsabilit\u00e9 Civile Professionnelle (RCP ou RC Pro) est obligatoire pour les taxis, VTC et toutes autres entreprises de transport de\" \/>\n<meta property=\"og:url\" content=\"https:\/\/montransport.com\/blog\/comment-choisir-son-assurance-rc-pro-taxi-vtc\/\" \/>\n<meta property=\"og:site_name\" content=\"monTransport.com - Blog\" \/>\n<meta property=\"article:publisher\" content=\"https:\/\/www.facebook.com\/pages\/monTransportcom\/146723315342839\" \/>\n<meta property=\"article:published_time\" content=\"2019-08-31T09:42:52+00:00\" \/>\n<meta property=\"article:modified_time\" content=\"2025-11-17T12:02:51+00:00\" \/>\n<meta property=\"og:image\" content=\"https:\/\/montransport.com\/blog\/wp-content\/uploads\/2019\/08\/crash-test-1620591_1280.jpg\" \/>\n\t<meta property=\"og:image:width\" content=\"1280\" \/>\n\t<meta property=\"og:image:height\" content=\"841\" \/>\n\t<meta property=\"og:image:type\" content=\"image\/jpeg\" \/>\n<meta name=\"author\" content=\"Alb\u00e9ric de Bernis\" \/>\n<meta name=\"twitter:card\" content=\"summary_large_image\" \/>\n<meta name=\"twitter:creator\" content=\"@montransport\" \/>\n<meta name=\"twitter:site\" content=\"@montransport\" \/>\n<meta name=\"twitter:label1\" content=\"\u00c9crit par\" \/>\n\t<meta name=\"twitter:data1\" content=\"Alb\u00e9ric de Bernis\" \/>\n\t<meta name=\"twitter:label2\" content=\"Dur\u00e9e de lecture estim\u00e9e\" \/>\n\t<meta name=\"twitter:data2\" content=\"3 minutes\" \/>\n<script type=\"application\/ld+json\" class=\"yoast-schema-graph\">{\"@context\":\"https:\/\/schema.org\",\"@graph\":[{\"@type\":\"Article\",\"@id\":\"https:\/\/montransport.com\/blog\/comment-choisir-son-assurance-rc-pro-taxi-vtc\/#article\",\"isPartOf\":{\"@id\":\"https:\/\/montransport.com\/blog\/comment-choisir-son-assurance-rc-pro-taxi-vtc\/\"},\"author\":{\"name\":\"Alb\u00e9ric de Bernis\",\"@id\":\"https:\/\/montransport.com\/blog\/#\/schema\/person\/79e0564d115597fc24ecc7ae1d6267c4\"},\"headline\":\"COMMENT CHOISIR SON ASSURANCE RC Pro Taxi \/ VTC ?\",\"datePublished\":\"2019-08-31T09:42:52+00:00\",\"dateModified\":\"2025-11-17T12:02:51+00:00\",\"mainEntityOfPage\":{\"@id\":\"https:\/\/montransport.com\/blog\/comment-choisir-son-assurance-rc-pro-taxi-vtc\/\"},\"wordCount\":318,\"commentCount\":1,\"publisher\":{\"@id\":\"https:\/\/montransport.com\/blog\/#organization\"},\"image\":{\"@id\":\"https:\/\/montransport.com\/blog\/comment-choisir-son-assurance-rc-pro-taxi-vtc\/#primaryimage\"},\"thumbnailUrl\":\"https:\/\/montransport.com\/blog\/wp-content\/uploads\/2019\/08\/crash-test-1620591_1280.jpg\",\"keywords\":[\"assurance pro\",\"taxi\",\"VTC\"],\"articleSection\":[\"\ud83d\udce6 Transporteurs \/ Chauffeurs\"],\"inLanguage\":\"fr-FR\",\"potentialAction\":[{\"@type\":\"CommentAction\",\"name\":\"Comment\",\"target\":[\"https:\/\/montransport.com\/blog\/comment-choisir-son-assurance-rc-pro-taxi-vtc\/#respond\"]}]},{\"@type\":\"WebPage\",\"@id\":\"https:\/\/montransport.com\/blog\/comment-choisir-son-assurance-rc-pro-taxi-vtc\/\",\"url\":\"https:\/\/montransport.com\/blog\/comment-choisir-son-assurance-rc-pro-taxi-vtc\/\",\"name\":\"COMMENT CHOISIR SON ASSURANCE RC Pro Taxi \/ VTC ?\",\"isPartOf\":{\"@id\":\"https:\/\/montransport.com\/blog\/#website\"},\"primaryImageOfPage\":{\"@id\":\"https:\/\/montransport.com\/blog\/comment-choisir-son-assurance-rc-pro-taxi-vtc\/#primaryimage\"},\"image\":{\"@id\":\"https:\/\/montransport.com\/blog\/comment-choisir-son-assurance-rc-pro-taxi-vtc\/#primaryimage\"},\"thumbnailUrl\":\"https:\/\/montransport.com\/blog\/wp-content\/uploads\/2019\/08\/crash-test-1620591_1280.jpg\",\"datePublished\":\"2019-08-31T09:42:52+00:00\",\"dateModified\":\"2025-11-17T12:02:51+00:00\",\"description\":\"Une assurance Responsabilit\u00e9 Civile Professionnelle (RCP ou RC Pro) est obligatoire pour les taxis, VTC et toutes autres entreprises de transport de\",\"breadcrumb\":{\"@id\":\"https:\/\/montransport.com\/blog\/comment-choisir-son-assurance-rc-pro-taxi-vtc\/#breadcrumb\"},\"inLanguage\":\"fr-FR\",\"potentialAction\":[{\"@type\":\"ReadAction\",\"target\":[\"https:\/\/montransport.com\/blog\/comment-choisir-son-assurance-rc-pro-taxi-vtc\/\"]}]},{\"@type\":\"ImageObject\",\"inLanguage\":\"fr-FR\",\"@id\":\"https:\/\/montransport.com\/blog\/comment-choisir-son-assurance-rc-pro-taxi-vtc\/#primaryimage\",\"url\":\"https:\/\/montransport.com\/blog\/wp-content\/uploads\/2019\/08\/crash-test-1620591_1280.jpg\",\"contentUrl\":\"https:\/\/montransport.com\/blog\/wp-content\/uploads\/2019\/08\/crash-test-1620591_1280.jpg\",\"width\":1280,\"height\":841,\"caption\":\"assurance-d\u00e9g\u00e2ts-taxi\"},{\"@type\":\"BreadcrumbList\",\"@id\":\"https:\/\/montransport.com\/blog\/comment-choisir-son-assurance-rc-pro-taxi-vtc\/#breadcrumb\",\"itemListElement\":[{\"@type\":\"ListItem\",\"position\":1,\"name\":\"Home\",\"item\":\"https:\/\/montransport.com\/blog\/\"},{\"@type\":\"ListItem\",\"position\":2,\"name\":\"COMMENT CHOISIR SON ASSURANCE RC Pro Taxi \/ VTC ?\"}]},{\"@type\":\"WebSite\",\"@id\":\"https:\/\/montransport.com\/blog\/#website\",\"url\":\"https:\/\/montransport.com\/blog\/\",\"name\":\"monTransport.com Blog\",\"description\":\"D\u00e9couvrez le comparateur taxi &amp; VTC de monTransport.com : conseils, astuces et actualit\u00e9s pour voyageurs et chauffeurs\",\"publisher\":{\"@id\":\"https:\/\/montransport.com\/blog\/#organization\"},\"potentialAction\":[{\"@type\":\"SearchAction\",\"target\":{\"@type\":\"EntryPoint\",\"urlTemplate\":\"https:\/\/montransport.com\/blog\/?s={search_term_string}\"},\"query-input\":{\"@type\":\"PropertyValueSpecification\",\"valueRequired\":true,\"valueName\":\"search_term_string\"}}],\"inLanguage\":\"fr-FR\"},{\"@type\":\"Organization\",\"@id\":\"https:\/\/montransport.com\/blog\/#organization\",\"name\":\"monTransport.com\",\"url\":\"https:\/\/montransport.com\/blog\/\",\"logo\":{\"@type\":\"ImageObject\",\"inLanguage\":\"fr-FR\",\"@id\":\"https:\/\/montransport.com\/blog\/#\/schema\/logo\/image\/\",\"url\":\"https:\/\/montransport.com\/blog\/wp-content\/uploads\/2020\/11\/logo_bg_darkblue.jpg\",\"contentUrl\":\"https:\/\/montransport.com\/blog\/wp-content\/uploads\/2020\/11\/logo_bg_darkblue.jpg\",\"width\":500,\"height\":500,\"caption\":\"monTransport.com\"},\"image\":{\"@id\":\"https:\/\/montransport.com\/blog\/#\/schema\/logo\/image\/\"},\"sameAs\":[\"https:\/\/www.facebook.com\/pages\/monTransportcom\/146723315342839\",\"https:\/\/x.com\/montransport\",\"https:\/\/www.instagram.com\/montransport.com_officiel\/\",\"https:\/\/www.linkedin.com\/company\/montransport-com\"]},{\"@type\":\"Person\",\"@id\":\"https:\/\/montransport.com\/blog\/#\/schema\/person\/79e0564d115597fc24ecc7ae1d6267c4\",\"name\":\"Alb\u00e9ric de Bernis\",\"description\":\"Passionn\u00e9 par la mobilit\u00e9 et les nouveaux mod\u00e8les MaaS (Mobility as a Service).\",\"sameAs\":[\"https:\/\/monTransport.com\"],\"url\":\"https:\/\/montransport.com\/blog\/author\/admin\/\"}]}<\/script>\n<!-- \/ Yoast SEO plugin. -->","yoast_head_json":{"title":"COMMENT CHOISIR SON ASSURANCE RC Pro Taxi \/ VTC ?","description":"Une assurance Responsabilit\u00e9 Civile Professionnelle (RCP ou RC Pro) est obligatoire pour les taxis, VTC et toutes autres entreprises de transport de","robots":{"index":"index","follow":"follow","max-snippet":"max-snippet:-1","max-image-preview":"max-image-preview:large","max-video-preview":"max-video-preview:-1"},"canonical":"https:\/\/montransport.com\/blog\/comment-choisir-son-assurance-rc-pro-taxi-vtc\/","og_locale":"fr_FR","og_type":"article","og_title":"COMMENT CHOISIR SON ASSURANCE RC Pro Taxi \/ VTC ?","og_description":"Une assurance Responsabilit\u00e9 Civile Professionnelle (RCP ou RC Pro) est obligatoire pour les taxis, VTC et toutes autres entreprises de transport de","og_url":"https:\/\/montransport.com\/blog\/comment-choisir-son-assurance-rc-pro-taxi-vtc\/","og_site_name":"monTransport.com - Blog","article_publisher":"https:\/\/www.facebook.com\/pages\/monTransportcom\/146723315342839","article_published_time":"2019-08-31T09:42:52+00:00","article_modified_time":"2025-11-17T12:02:51+00:00","og_image":[{"width":1280,"height":841,"url":"https:\/\/montransport.com\/blog\/wp-content\/uploads\/2019\/08\/crash-test-1620591_1280.jpg","type":"image\/jpeg"}],"author":"Alb\u00e9ric de Bernis","twitter_card":"summary_large_image","twitter_creator":"@montransport","twitter_site":"@montransport","twitter_misc":{"\u00c9crit par":"Alb\u00e9ric de Bernis","Dur\u00e9e de lecture estim\u00e9e":"3 minutes"},"schema":{"@context":"https:\/\/schema.org","@graph":[{"@type":"Article","@id":"https:\/\/montransport.com\/blog\/comment-choisir-son-assurance-rc-pro-taxi-vtc\/#article","isPartOf":{"@id":"https:\/\/montransport.com\/blog\/comment-choisir-son-assurance-rc-pro-taxi-vtc\/"},"author":{"name":"Alb\u00e9ric de Bernis","@id":"https:\/\/montransport.com\/blog\/#\/schema\/person\/79e0564d115597fc24ecc7ae1d6267c4"},"headline":"COMMENT CHOISIR SON ASSURANCE RC Pro Taxi \/ VTC ?","datePublished":"2019-08-31T09:42:52+00:00","dateModified":"2025-11-17T12:02:51+00:00","mainEntityOfPage":{"@id":"https:\/\/montransport.com\/blog\/comment-choisir-son-assurance-rc-pro-taxi-vtc\/"},"wordCount":318,"commentCount":1,"publisher":{"@id":"https:\/\/montransport.com\/blog\/#organization"},"image":{"@id":"https:\/\/montransport.com\/blog\/comment-choisir-son-assurance-rc-pro-taxi-vtc\/#primaryimage"},"thumbnailUrl":"https:\/\/montransport.com\/blog\/wp-content\/uploads\/2019\/08\/crash-test-1620591_1280.jpg","keywords":["assurance pro","taxi","VTC"],"articleSection":["\ud83d\udce6 Transporteurs \/ Chauffeurs"],"inLanguage":"fr-FR","potentialAction":[{"@type":"CommentAction","name":"Comment","target":["https:\/\/montransport.com\/blog\/comment-choisir-son-assurance-rc-pro-taxi-vtc\/#respond"]}]},{"@type":"WebPage","@id":"https:\/\/montransport.com\/blog\/comment-choisir-son-assurance-rc-pro-taxi-vtc\/","url":"https:\/\/montransport.com\/blog\/comment-choisir-son-assurance-rc-pro-taxi-vtc\/","name":"COMMENT CHOISIR SON ASSURANCE RC Pro Taxi \/ VTC ?","isPartOf":{"@id":"https:\/\/montransport.com\/blog\/#website"},"primaryImageOfPage":{"@id":"https:\/\/montransport.com\/blog\/comment-choisir-son-assurance-rc-pro-taxi-vtc\/#primaryimage"},"image":{"@id":"https:\/\/montransport.com\/blog\/comment-choisir-son-assurance-rc-pro-taxi-vtc\/#primaryimage"},"thumbnailUrl":"https:\/\/montransport.com\/blog\/wp-content\/uploads\/2019\/08\/crash-test-1620591_1280.jpg","datePublished":"2019-08-31T09:42:52+00:00","dateModified":"2025-11-17T12:02:51+00:00","description":"Une assurance Responsabilit\u00e9 Civile Professionnelle (RCP ou RC Pro) est obligatoire pour les taxis, VTC et toutes autres entreprises de transport de","breadcrumb":{"@id":"https:\/\/montransport.com\/blog\/comment-choisir-son-assurance-rc-pro-taxi-vtc\/#breadcrumb"},"inLanguage":"fr-FR","potentialAction":[{"@type":"ReadAction","target":["https:\/\/montransport.com\/blog\/comment-choisir-son-assurance-rc-pro-taxi-vtc\/"]}]},{"@type":"ImageObject","inLanguage":"fr-FR","@id":"https:\/\/montransport.com\/blog\/comment-choisir-son-assurance-rc-pro-taxi-vtc\/#primaryimage","url":"https:\/\/montransport.com\/blog\/wp-content\/uploads\/2019\/08\/crash-test-1620591_1280.jpg","contentUrl":"https:\/\/montransport.com\/blog\/wp-content\/uploads\/2019\/08\/crash-test-1620591_1280.jpg","width":1280,"height":841,"caption":"assurance-d\u00e9g\u00e2ts-taxi"},{"@type":"BreadcrumbList","@id":"https:\/\/montransport.com\/blog\/comment-choisir-son-assurance-rc-pro-taxi-vtc\/#breadcrumb","itemListElement":[{"@type":"ListItem","position":1,"name":"Home","item":"https:\/\/montransport.com\/blog\/"},{"@type":"ListItem","position":2,"name":"COMMENT CHOISIR SON ASSURANCE RC Pro Taxi \/ VTC ?"}]},{"@type":"WebSite","@id":"https:\/\/montransport.com\/blog\/#website","url":"https:\/\/montransport.com\/blog\/","name":"monTransport.com Blog","description":"D\u00e9couvrez le comparateur taxi &amp; VTC de monTransport.com : conseils, astuces et actualit\u00e9s pour voyageurs et chauffeurs","publisher":{"@id":"https:\/\/montransport.com\/blog\/#organization"},"potentialAction":[{"@type":"SearchAction","target":{"@type":"EntryPoint","urlTemplate":"https:\/\/montransport.com\/blog\/?s={search_term_string}"},"query-input":{"@type":"PropertyValueSpecification","valueRequired":true,"valueName":"search_term_string"}}],"inLanguage":"fr-FR"},{"@type":"Organization","@id":"https:\/\/montransport.com\/blog\/#organization","name":"monTransport.com","url":"https:\/\/montransport.com\/blog\/","logo":{"@type":"ImageObject","inLanguage":"fr-FR","@id":"https:\/\/montransport.com\/blog\/#\/schema\/logo\/image\/","url":"https:\/\/montransport.com\/blog\/wp-content\/uploads\/2020\/11\/logo_bg_darkblue.jpg","contentUrl":"https:\/\/montransport.com\/blog\/wp-content\/uploads\/2020\/11\/logo_bg_darkblue.jpg","width":500,"height":500,"caption":"monTransport.com"},"image":{"@id":"https:\/\/montransport.com\/blog\/#\/schema\/logo\/image\/"},"sameAs":["https:\/\/www.facebook.com\/pages\/monTransportcom\/146723315342839","https:\/\/x.com\/montransport","https:\/\/www.instagram.com\/montransport.com_officiel\/","https:\/\/www.linkedin.com\/company\/montransport-com"]},{"@type":"Person","@id":"https:\/\/montransport.com\/blog\/#\/schema\/person\/79e0564d115597fc24ecc7ae1d6267c4","name":"Alb\u00e9ric de Bernis","description":"Passionn\u00e9 par la mobilit\u00e9 et les nouveaux mod\u00e8les MaaS (Mobility as a Service).","sameAs":["https:\/\/monTransport.com"],"url":"https:\/\/montransport.com\/blog\/author\/admin\/"}]}},"_links":{"self":[{"href":"https:\/\/montransport.com\/blog\/wp-json\/wp\/v2\/posts\/422","targetHints":{"allow":["GET"]}}],"collection":[{"href":"https:\/\/montransport.com\/blog\/wp-json\/wp\/v2\/posts"}],"about":[{"href":"https:\/\/montransport.com\/blog\/wp-json\/wp\/v2\/types\/post"}],"author":[{"embeddable":true,"href":"https:\/\/montransport.com\/blog\/wp-json\/wp\/v2\/users\/5"}],"replies":[{"embeddable":true,"href":"https:\/\/montransport.com\/blog\/wp-json\/wp\/v2\/comments?post=422"}],"version-history":[{"count":6,"href":"https:\/\/montransport.com\/blog\/wp-json\/wp\/v2\/posts\/422\/revisions"}],"predecessor-version":[{"id":779,"href":"https:\/\/montransport.com\/blog\/wp-json\/wp\/v2\/posts\/422\/revisions\/779"}],"wp:featuredmedia":[{"embeddable":true,"href":"https:\/\/montransport.com\/blog\/wp-json\/wp\/v2\/media\/615"}],"wp:attachment":[{"href":"https:\/\/montransport.com\/blog\/wp-json\/wp\/v2\/media?parent=422"}],"wp:term":[{"taxonomy":"category","embeddable":true,"href":"https:\/\/montransport.com\/blog\/wp-json\/wp\/v2\/categories?post=422"},{"taxonomy":"post_tag","embeddable":true,"href":"https:\/\/montransport.com\/blog\/wp-json\/wp\/v2\/tags?post=422"}],"curies":[{"name":"wp","href":"https:\/\/api.w.org\/{rel}","templated":true}]}}