{"id":287,"date":"2018-10-31T15:53:20","date_gmt":"2018-10-31T14:53:20","guid":{"rendered":"https:\/\/montransport.com\/blog\/?p=287"},"modified":"2025-07-23T15:31:55","modified_gmt":"2025-07-23T13:31:55","slug":"transfert-aeroport-strasbourg-entzheim-gare-centre-ville","status":"publish","type":"post","link":"https:\/\/montransport.com\/blog\/transfert-aeroport-strasbourg-entzheim-gare-centre-ville\/","title":{"rendered":"Un taxi de la gare de Strasbourg \u00e0 l\u2019a\u00e9roport de Strasbourg Entzheim et inversement ?"},"content":{"rendered":"<p><a href=\"https:\/\/montransport.com\/annuaire\/taxi-minivan\/bas-rhin\/strasbourg\/index.html?utm_source=blog&amp;utm_medium=blog&amp;utm_campaign=blog_20181031_FR_V_transfert-gare-aeroport-strasbourg\"><img fetchpriority=\"high\" decoding=\"async\" class=\"alignnone size-full wp-image-290\" src=\"https:\/\/montransport.com\/blog\/wp-content\/uploads\/2018\/10\/aeroplane-air-air-travel-7232401.jpg\" alt=\"transfert-gare-aeroport-strasbourg\" width=\"5344\" height=\"3006\" srcset=\"https:\/\/montransport.com\/blog\/wp-content\/uploads\/2018\/10\/aeroplane-air-air-travel-7232401.jpg 5344w, https:\/\/montransport.com\/blog\/wp-content\/uploads\/2018\/10\/aeroplane-air-air-travel-7232401-300x168.jpg 300w, https:\/\/montransport.com\/blog\/wp-content\/uploads\/2018\/10\/aeroplane-air-air-travel-7232401-1024x576.jpg 1024w, https:\/\/montransport.com\/blog\/wp-content\/uploads\/2018\/10\/aeroplane-air-air-travel-7232401-560x315.jpg 560w, https:\/\/montransport.com\/blog\/wp-content\/uploads\/2018\/10\/aeroplane-air-air-travel-7232401-260x146.jpg 260w, https:\/\/montransport.com\/blog\/wp-content\/uploads\/2018\/10\/aeroplane-air-air-travel-7232401-160x90.jpg 160w\" sizes=\"(max-width: 5344px) 100vw, 5344px\" \/><\/a>C\u2019est d\u00e9cid\u00e9, vous allez profiter de quelques jours de cong\u00e9s pour d\u00e9couvrir l\u2019est de la France, et plus particuli\u00e8rement la jolie ville de Strasbourg.<\/p>\n<p dir=\"ltr\">Vous avez d\u00e9j\u00e0 r\u00e9serv\u00e9 vos billets d\u2019avion et votre logement. Il va d\u00e9sormais falloir organiser le <strong>transfert<\/strong>\u00a0<strong>en taxi<\/strong> entre l\u2019a\u00e9roport de Strasbourg-Entzheim et le centre-ville de Strasbourg, et inversement.<\/p>\n<ul>\n<li>\n<h2><strong>L\u2019accompagnement porte-\u00e0-porte<\/strong><\/h2>\n<\/li>\n<\/ul>\n<p>Vous voyagez en famille ou entre amis ? Vous aimeriez une solution confortable et \u00e0 un prix raisonnable pour les transferts en taxi entre la gare de Strasbourg et l\u2019a\u00e9roport ? Ou encore de votre logement \u00e0 l\u2019a\u00e9roport ?<\/p>\n<p>monTransport.com vous donne acc\u00e8s \u00e0 un annuaire de taxis pr\u00e9sents \u00e0 la gare de Strasbourg ainsi que des <a href=\"https:\/\/montransport.com\/annuaire\/taxi-minivan\/bas-rhin\/aeroport-de-strasbourg\/index1.html?utm_source=blog&amp;utm_medium=blog&amp;utm_campaign=blog_20181031_FR_V_transfert-gare-aeroport-strasbourg\">taxis \u00e0 l\u2019a\u00e9roport de Strasbourg-Entzheim<\/a>. Cela vous permettra d\u2019avoir acc\u00e8s aux informations les concernant, \u00e0 leurs \u00e9ventuelles notes et aux services qu\u2019ils proposent.<\/p>\n<p>Vous voulez faire simple et efficace ? Postez votre demande de trajet sur monTransport.com, nos chauffeurs affili\u00e9s vous proposeront leurs meilleurs prix. Il ne vous restera plus qu\u2019\u00e0 r\u00e9server le chauffeur que vous souhaitez.<\/p>\n<ul>\n<li>\n<h2><strong>L\u2019option low-cost<\/strong><\/h2>\n<\/li>\n<\/ul>\n<p>Si vous \u00eates un peu juste niveau budget et que cela ne vous d\u00e9range pas de prendre les transports en commun avec tous vos bagages , il y a une autre <a href=\"https:\/\/montransport.com\/blog\/taxi-low-cost-aeroports\/\">option low-cost<\/a>.<br \/>\nEn effet, une navette relie la gare de Strasbourg \u00e0 l\u2019a\u00e9roport pour 4.40\u20ac par personne. Attention cependant \u00e0 bien v\u00e9rifier les horaires de circulation de la navette et, \u00e0 organiser le trajet de chez vous \u00e0 la gare, et vice-versa.<\/p>\n<p>Finalement, si vous souhaitez un trajet organis\u00e9 en avance et \u00e0 un prix raisonnable, pensez \u00e0 poster et \u00e0 r\u00e9server votre trajet au plus t\u00f4t sur monTransport.com.<\/p>\n<p>Pour plus d&rsquo;informations, utilisez notre bo\u00eete \u00e0 commentaires.<\/p>\n<p>Vous d\u00e9sirez conseiller un ami ? Vous pouvez utiliser les r\u00e9seaux sociaux pour partager notre article.<\/p>\n","protected":false},"excerpt":{"rendered":"<p>C\u2019est d\u00e9cid\u00e9, vous allez profiter de quelques jours de cong\u00e9s pour d\u00e9couvrir l\u2019est de la France, et plus particuli\u00e8rement la jolie ville de Strasbourg. Vous avez d\u00e9j\u00e0 r\u00e9serv\u00e9 vos billets d\u2019avion et votre logement. Il va d\u00e9sormais falloir organiser le transfert\u00a0en taxi entre l\u2019a\u00e9roport de Strasbourg-Entzheim et le centre-ville de Strasbourg, et inversement. L\u2019accompagnement porte-\u00e0-porte<\/p>\n","protected":false},"author":5,"featured_media":645,"comment_status":"open","ping_status":"open","sticky":false,"template":"","format":"standard","meta":{"two_page_speed":[],"footnotes":""},"categories":[7],"tags":[40,39],"class_list":{"0":"post-287","1":"post","2":"type-post","3":"status-publish","4":"format-standard","5":"has-post-thumbnail","7":"category-transporteurs","8":"tag-strasbourg","9":"tag-transfert"},"yoast_head":"<!-- This site is optimized with the Yoast SEO plugin v26.3 - https:\/\/yoast.com\/wordpress\/plugins\/seo\/ -->\n<title>Un taxi de la gare de Strasbourg \u00e0 l\u2019a\u00e9roport de Strasbourg Entzheim et inversement ?<\/title>\n<meta name=\"description\" content=\"C\u2019est d\u00e9cid\u00e9, vous allez profiter de quelques jours de cong\u00e9s pour d\u00e9couvrir l\u2019est de la France, et plus particuli\u00e8rement la jolie ville de Strasbourg.\" \/>\n<meta name=\"robots\" content=\"index, follow, max-snippet:-1, max-image-preview:large, max-video-preview:-1\" \/>\n<link rel=\"canonical\" href=\"https:\/\/montransport.com\/blog\/transfert-aeroport-strasbourg-entzheim-gare-centre-ville\/\" \/>\n<meta property=\"og:locale\" content=\"fr_FR\" \/>\n<meta property=\"og:type\" content=\"article\" \/>\n<meta property=\"og:title\" content=\"Un taxi de la gare de Strasbourg \u00e0 l\u2019a\u00e9roport de Strasbourg Entzheim et inversement ?\" \/>\n<meta property=\"og:description\" content=\"C\u2019est d\u00e9cid\u00e9, vous allez profiter de quelques jours de cong\u00e9s pour d\u00e9couvrir l\u2019est de la France, et plus particuli\u00e8rement la jolie ville de Strasbourg.\" \/>\n<meta property=\"og:url\" content=\"https:\/\/montransport.com\/blog\/transfert-aeroport-strasbourg-entzheim-gare-centre-ville\/\" \/>\n<meta property=\"og:site_name\" content=\"monTransport.com - Blog\" \/>\n<meta property=\"article:publisher\" content=\"https:\/\/www.facebook.com\/pages\/monTransportcom\/146723315342839\" \/>\n<meta property=\"article:published_time\" content=\"2018-10-31T14:53:20+00:00\" \/>\n<meta property=\"article:modified_time\" content=\"2025-07-23T13:31:55+00:00\" \/>\n<meta property=\"og:image\" content=\"https:\/\/montransport.com\/blog\/wp-content\/uploads\/2018\/10\/city-4351840_1280.jpg\" \/>\n\t<meta property=\"og:image:width\" content=\"1280\" \/>\n\t<meta property=\"og:image:height\" content=\"853\" \/>\n\t<meta property=\"og:image:type\" content=\"image\/jpeg\" \/>\n<meta name=\"author\" content=\"Alb\u00e9ric de Bernis\" \/>\n<meta name=\"twitter:card\" content=\"summary_large_image\" \/>\n<meta name=\"twitter:creator\" content=\"@montransport\" \/>\n<meta name=\"twitter:site\" content=\"@montransport\" \/>\n<meta name=\"twitter:label1\" content=\"\u00c9crit par\" \/>\n\t<meta name=\"twitter:data1\" content=\"Alb\u00e9ric de Bernis\" \/>\n\t<meta name=\"twitter:label2\" content=\"Dur\u00e9e de lecture estim\u00e9e\" \/>\n\t<meta name=\"twitter:data2\" content=\"2 minutes\" \/>\n<script type=\"application\/ld+json\" class=\"yoast-schema-graph\">{\"@context\":\"https:\/\/schema.org\",\"@graph\":[{\"@type\":\"Article\",\"@id\":\"https:\/\/montransport.com\/blog\/transfert-aeroport-strasbourg-entzheim-gare-centre-ville\/#article\",\"isPartOf\":{\"@id\":\"https:\/\/montransport.com\/blog\/transfert-aeroport-strasbourg-entzheim-gare-centre-ville\/\"},\"author\":{\"name\":\"Alb\u00e9ric de Bernis\",\"@id\":\"https:\/\/montransport.com\/blog\/#\/schema\/person\/79e0564d115597fc24ecc7ae1d6267c4\"},\"headline\":\"Un taxi de la gare de Strasbourg \u00e0 l\u2019a\u00e9roport de Strasbourg Entzheim et inversement ?\",\"datePublished\":\"2018-10-31T14:53:20+00:00\",\"dateModified\":\"2025-07-23T13:31:55+00:00\",\"mainEntityOfPage\":{\"@id\":\"https:\/\/montransport.com\/blog\/transfert-aeroport-strasbourg-entzheim-gare-centre-ville\/\"},\"wordCount\":331,\"commentCount\":0,\"publisher\":{\"@id\":\"https:\/\/montransport.com\/blog\/#organization\"},\"image\":{\"@id\":\"https:\/\/montransport.com\/blog\/transfert-aeroport-strasbourg-entzheim-gare-centre-ville\/#primaryimage\"},\"thumbnailUrl\":\"https:\/\/montransport.com\/blog\/wp-content\/uploads\/2018\/10\/city-4351840_1280.jpg\",\"keywords\":[\"strasbourg\",\"transfert\"],\"articleSection\":[\"\ud83d\udce6 Transporteurs \/ Chauffeurs\"],\"inLanguage\":\"fr-FR\",\"potentialAction\":[{\"@type\":\"CommentAction\",\"name\":\"Comment\",\"target\":[\"https:\/\/montransport.com\/blog\/transfert-aeroport-strasbourg-entzheim-gare-centre-ville\/#respond\"]}]},{\"@type\":\"WebPage\",\"@id\":\"https:\/\/montransport.com\/blog\/transfert-aeroport-strasbourg-entzheim-gare-centre-ville\/\",\"url\":\"https:\/\/montransport.com\/blog\/transfert-aeroport-strasbourg-entzheim-gare-centre-ville\/\",\"name\":\"Un taxi de la gare de Strasbourg \u00e0 l\u2019a\u00e9roport de Strasbourg Entzheim et inversement ?\",\"isPartOf\":{\"@id\":\"https:\/\/montransport.com\/blog\/#website\"},\"primaryImageOfPage\":{\"@id\":\"https:\/\/montransport.com\/blog\/transfert-aeroport-strasbourg-entzheim-gare-centre-ville\/#primaryimage\"},\"image\":{\"@id\":\"https:\/\/montransport.com\/blog\/transfert-aeroport-strasbourg-entzheim-gare-centre-ville\/#primaryimage\"},\"thumbnailUrl\":\"https:\/\/montransport.com\/blog\/wp-content\/uploads\/2018\/10\/city-4351840_1280.jpg\",\"datePublished\":\"2018-10-31T14:53:20+00:00\",\"dateModified\":\"2025-07-23T13:31:55+00:00\",\"description\":\"C\u2019est d\u00e9cid\u00e9, vous allez profiter de quelques jours de cong\u00e9s pour d\u00e9couvrir l\u2019est de la France, et plus particuli\u00e8rement la jolie ville de Strasbourg.\",\"breadcrumb\":{\"@id\":\"https:\/\/montransport.com\/blog\/transfert-aeroport-strasbourg-entzheim-gare-centre-ville\/#breadcrumb\"},\"inLanguage\":\"fr-FR\",\"potentialAction\":[{\"@type\":\"ReadAction\",\"target\":[\"https:\/\/montransport.com\/blog\/transfert-aeroport-strasbourg-entzheim-gare-centre-ville\/\"]}]},{\"@type\":\"ImageObject\",\"inLanguage\":\"fr-FR\",\"@id\":\"https:\/\/montransport.com\/blog\/transfert-aeroport-strasbourg-entzheim-gare-centre-ville\/#primaryimage\",\"url\":\"https:\/\/montransport.com\/blog\/wp-content\/uploads\/2018\/10\/city-4351840_1280.jpg\",\"contentUrl\":\"https:\/\/montransport.com\/blog\/wp-content\/uploads\/2018\/10\/city-4351840_1280.jpg\",\"width\":1280,\"height\":853,\"caption\":\"transfert-strasbourg\"},{\"@type\":\"BreadcrumbList\",\"@id\":\"https:\/\/montransport.com\/blog\/transfert-aeroport-strasbourg-entzheim-gare-centre-ville\/#breadcrumb\",\"itemListElement\":[{\"@type\":\"ListItem\",\"position\":1,\"name\":\"Home\",\"item\":\"https:\/\/montransport.com\/blog\/\"},{\"@type\":\"ListItem\",\"position\":2,\"name\":\"Un taxi de la gare de Strasbourg \u00e0 l\u2019a\u00e9roport de Strasbourg Entzheim et inversement ?\"}]},{\"@type\":\"WebSite\",\"@id\":\"https:\/\/montransport.com\/blog\/#website\",\"url\":\"https:\/\/montransport.com\/blog\/\",\"name\":\"monTransport.com Blog\",\"description\":\"D\u00e9couvrez le comparateur taxi &amp; VTC de monTransport.com : conseils, astuces et actualit\u00e9s pour voyageurs et chauffeurs\",\"publisher\":{\"@id\":\"https:\/\/montransport.com\/blog\/#organization\"},\"potentialAction\":[{\"@type\":\"SearchAction\",\"target\":{\"@type\":\"EntryPoint\",\"urlTemplate\":\"https:\/\/montransport.com\/blog\/?s={search_term_string}\"},\"query-input\":{\"@type\":\"PropertyValueSpecification\",\"valueRequired\":true,\"valueName\":\"search_term_string\"}}],\"inLanguage\":\"fr-FR\"},{\"@type\":\"Organization\",\"@id\":\"https:\/\/montransport.com\/blog\/#organization\",\"name\":\"monTransport.com\",\"url\":\"https:\/\/montransport.com\/blog\/\",\"logo\":{\"@type\":\"ImageObject\",\"inLanguage\":\"fr-FR\",\"@id\":\"https:\/\/montransport.com\/blog\/#\/schema\/logo\/image\/\",\"url\":\"https:\/\/montransport.com\/blog\/wp-content\/uploads\/2020\/11\/logo_bg_darkblue.jpg\",\"contentUrl\":\"https:\/\/montransport.com\/blog\/wp-content\/uploads\/2020\/11\/logo_bg_darkblue.jpg\",\"width\":500,\"height\":500,\"caption\":\"monTransport.com\"},\"image\":{\"@id\":\"https:\/\/montransport.com\/blog\/#\/schema\/logo\/image\/\"},\"sameAs\":[\"https:\/\/www.facebook.com\/pages\/monTransportcom\/146723315342839\",\"https:\/\/x.com\/montransport\",\"https:\/\/www.instagram.com\/montransport.com_officiel\/\",\"https:\/\/www.linkedin.com\/company\/montransport-com\"]},{\"@type\":\"Person\",\"@id\":\"https:\/\/montransport.com\/blog\/#\/schema\/person\/79e0564d115597fc24ecc7ae1d6267c4\",\"name\":\"Alb\u00e9ric de Bernis\",\"description\":\"Passionn\u00e9 par la mobilit\u00e9 et les nouveaux mod\u00e8les MaaS (Mobility as a Service).\",\"sameAs\":[\"https:\/\/monTransport.com\"],\"url\":\"https:\/\/montransport.com\/blog\/author\/admin\/\"}]}<\/script>\n<!-- \/ Yoast SEO plugin. -->","yoast_head_json":{"title":"Un taxi de la gare de Strasbourg \u00e0 l\u2019a\u00e9roport de Strasbourg Entzheim et inversement ?","description":"C\u2019est d\u00e9cid\u00e9, vous allez profiter de quelques jours de cong\u00e9s pour d\u00e9couvrir l\u2019est de la France, et plus particuli\u00e8rement la jolie ville de Strasbourg.","robots":{"index":"index","follow":"follow","max-snippet":"max-snippet:-1","max-image-preview":"max-image-preview:large","max-video-preview":"max-video-preview:-1"},"canonical":"https:\/\/montransport.com\/blog\/transfert-aeroport-strasbourg-entzheim-gare-centre-ville\/","og_locale":"fr_FR","og_type":"article","og_title":"Un taxi de la gare de Strasbourg \u00e0 l\u2019a\u00e9roport de Strasbourg Entzheim et inversement ?","og_description":"C\u2019est d\u00e9cid\u00e9, vous allez profiter de quelques jours de cong\u00e9s pour d\u00e9couvrir l\u2019est de la France, et plus particuli\u00e8rement la jolie ville de Strasbourg.","og_url":"https:\/\/montransport.com\/blog\/transfert-aeroport-strasbourg-entzheim-gare-centre-ville\/","og_site_name":"monTransport.com - Blog","article_publisher":"https:\/\/www.facebook.com\/pages\/monTransportcom\/146723315342839","article_published_time":"2018-10-31T14:53:20+00:00","article_modified_time":"2025-07-23T13:31:55+00:00","og_image":[{"width":1280,"height":853,"url":"https:\/\/montransport.com\/blog\/wp-content\/uploads\/2018\/10\/city-4351840_1280.jpg","type":"image\/jpeg"}],"author":"Alb\u00e9ric de Bernis","twitter_card":"summary_large_image","twitter_creator":"@montransport","twitter_site":"@montransport","twitter_misc":{"\u00c9crit par":"Alb\u00e9ric de Bernis","Dur\u00e9e de lecture estim\u00e9e":"2 minutes"},"schema":{"@context":"https:\/\/schema.org","@graph":[{"@type":"Article","@id":"https:\/\/montransport.com\/blog\/transfert-aeroport-strasbourg-entzheim-gare-centre-ville\/#article","isPartOf":{"@id":"https:\/\/montransport.com\/blog\/transfert-aeroport-strasbourg-entzheim-gare-centre-ville\/"},"author":{"name":"Alb\u00e9ric de Bernis","@id":"https:\/\/montransport.com\/blog\/#\/schema\/person\/79e0564d115597fc24ecc7ae1d6267c4"},"headline":"Un taxi de la gare de Strasbourg \u00e0 l\u2019a\u00e9roport de Strasbourg Entzheim et inversement ?","datePublished":"2018-10-31T14:53:20+00:00","dateModified":"2025-07-23T13:31:55+00:00","mainEntityOfPage":{"@id":"https:\/\/montransport.com\/blog\/transfert-aeroport-strasbourg-entzheim-gare-centre-ville\/"},"wordCount":331,"commentCount":0,"publisher":{"@id":"https:\/\/montransport.com\/blog\/#organization"},"image":{"@id":"https:\/\/montransport.com\/blog\/transfert-aeroport-strasbourg-entzheim-gare-centre-ville\/#primaryimage"},"thumbnailUrl":"https:\/\/montransport.com\/blog\/wp-content\/uploads\/2018\/10\/city-4351840_1280.jpg","keywords":["strasbourg","transfert"],"articleSection":["\ud83d\udce6 Transporteurs \/ Chauffeurs"],"inLanguage":"fr-FR","potentialAction":[{"@type":"CommentAction","name":"Comment","target":["https:\/\/montransport.com\/blog\/transfert-aeroport-strasbourg-entzheim-gare-centre-ville\/#respond"]}]},{"@type":"WebPage","@id":"https:\/\/montransport.com\/blog\/transfert-aeroport-strasbourg-entzheim-gare-centre-ville\/","url":"https:\/\/montransport.com\/blog\/transfert-aeroport-strasbourg-entzheim-gare-centre-ville\/","name":"Un taxi de la gare de Strasbourg \u00e0 l\u2019a\u00e9roport de Strasbourg Entzheim et inversement ?","isPartOf":{"@id":"https:\/\/montransport.com\/blog\/#website"},"primaryImageOfPage":{"@id":"https:\/\/montransport.com\/blog\/transfert-aeroport-strasbourg-entzheim-gare-centre-ville\/#primaryimage"},"image":{"@id":"https:\/\/montransport.com\/blog\/transfert-aeroport-strasbourg-entzheim-gare-centre-ville\/#primaryimage"},"thumbnailUrl":"https:\/\/montransport.com\/blog\/wp-content\/uploads\/2018\/10\/city-4351840_1280.jpg","datePublished":"2018-10-31T14:53:20+00:00","dateModified":"2025-07-23T13:31:55+00:00","description":"C\u2019est d\u00e9cid\u00e9, vous allez profiter de quelques jours de cong\u00e9s pour d\u00e9couvrir l\u2019est de la France, et plus particuli\u00e8rement la jolie ville de Strasbourg.","breadcrumb":{"@id":"https:\/\/montransport.com\/blog\/transfert-aeroport-strasbourg-entzheim-gare-centre-ville\/#breadcrumb"},"inLanguage":"fr-FR","potentialAction":[{"@type":"ReadAction","target":["https:\/\/montransport.com\/blog\/transfert-aeroport-strasbourg-entzheim-gare-centre-ville\/"]}]},{"@type":"ImageObject","inLanguage":"fr-FR","@id":"https:\/\/montransport.com\/blog\/transfert-aeroport-strasbourg-entzheim-gare-centre-ville\/#primaryimage","url":"https:\/\/montransport.com\/blog\/wp-content\/uploads\/2018\/10\/city-4351840_1280.jpg","contentUrl":"https:\/\/montransport.com\/blog\/wp-content\/uploads\/2018\/10\/city-4351840_1280.jpg","width":1280,"height":853,"caption":"transfert-strasbourg"},{"@type":"BreadcrumbList","@id":"https:\/\/montransport.com\/blog\/transfert-aeroport-strasbourg-entzheim-gare-centre-ville\/#breadcrumb","itemListElement":[{"@type":"ListItem","position":1,"name":"Home","item":"https:\/\/montransport.com\/blog\/"},{"@type":"ListItem","position":2,"name":"Un taxi de la gare de Strasbourg \u00e0 l\u2019a\u00e9roport de Strasbourg Entzheim et inversement ?"}]},{"@type":"WebSite","@id":"https:\/\/montransport.com\/blog\/#website","url":"https:\/\/montransport.com\/blog\/","name":"monTransport.com Blog","description":"D\u00e9couvrez le comparateur taxi &amp; VTC de monTransport.com : conseils, astuces et actualit\u00e9s pour voyageurs et chauffeurs","publisher":{"@id":"https:\/\/montransport.com\/blog\/#organization"},"potentialAction":[{"@type":"SearchAction","target":{"@type":"EntryPoint","urlTemplate":"https:\/\/montransport.com\/blog\/?s={search_term_string}"},"query-input":{"@type":"PropertyValueSpecification","valueRequired":true,"valueName":"search_term_string"}}],"inLanguage":"fr-FR"},{"@type":"Organization","@id":"https:\/\/montransport.com\/blog\/#organization","name":"monTransport.com","url":"https:\/\/montransport.com\/blog\/","logo":{"@type":"ImageObject","inLanguage":"fr-FR","@id":"https:\/\/montransport.com\/blog\/#\/schema\/logo\/image\/","url":"https:\/\/montransport.com\/blog\/wp-content\/uploads\/2020\/11\/logo_bg_darkblue.jpg","contentUrl":"https:\/\/montransport.com\/blog\/wp-content\/uploads\/2020\/11\/logo_bg_darkblue.jpg","width":500,"height":500,"caption":"monTransport.com"},"image":{"@id":"https:\/\/montransport.com\/blog\/#\/schema\/logo\/image\/"},"sameAs":["https:\/\/www.facebook.com\/pages\/monTransportcom\/146723315342839","https:\/\/x.com\/montransport","https:\/\/www.instagram.com\/montransport.com_officiel\/","https:\/\/www.linkedin.com\/company\/montransport-com"]},{"@type":"Person","@id":"https:\/\/montransport.com\/blog\/#\/schema\/person\/79e0564d115597fc24ecc7ae1d6267c4","name":"Alb\u00e9ric de Bernis","description":"Passionn\u00e9 par la mobilit\u00e9 et les nouveaux mod\u00e8les MaaS (Mobility as a Service).","sameAs":["https:\/\/monTransport.com"],"url":"https:\/\/montransport.com\/blog\/author\/admin\/"}]}},"_links":{"self":[{"href":"https:\/\/montransport.com\/blog\/wp-json\/wp\/v2\/posts\/287","targetHints":{"allow":["GET"]}}],"collection":[{"href":"https:\/\/montransport.com\/blog\/wp-json\/wp\/v2\/posts"}],"about":[{"href":"https:\/\/montransport.com\/blog\/wp-json\/wp\/v2\/types\/post"}],"author":[{"embeddable":true,"href":"https:\/\/montransport.com\/blog\/wp-json\/wp\/v2\/users\/5"}],"replies":[{"embeddable":true,"href":"https:\/\/montransport.com\/blog\/wp-json\/wp\/v2\/comments?post=287"}],"version-history":[{"count":19,"href":"https:\/\/montransport.com\/blog\/wp-json\/wp\/v2\/posts\/287\/revisions"}],"predecessor-version":[{"id":932,"href":"https:\/\/montransport.com\/blog\/wp-json\/wp\/v2\/posts\/287\/revisions\/932"}],"wp:featuredmedia":[{"embeddable":true,"href":"https:\/\/montransport.com\/blog\/wp-json\/wp\/v2\/media\/645"}],"wp:attachment":[{"href":"https:\/\/montransport.com\/blog\/wp-json\/wp\/v2\/media?parent=287"}],"wp:term":[{"taxonomy":"category","embeddable":true,"href":"https:\/\/montransport.com\/blog\/wp-json\/wp\/v2\/categories?post=287"},{"taxonomy":"post_tag","embeddable":true,"href":"https:\/\/montransport.com\/blog\/wp-json\/wp\/v2\/tags?post=287"}],"curies":[{"name":"wp","href":"https:\/\/api.w.org\/{rel}","templated":true}]}}